{"id":5228,"date":"2020-07-30T08:30:29","date_gmt":"2020-07-30T08:30:29","guid":{"rendered":"https:\/\/well-grounded.org\/quelle-importance-revetent-mes-valeurs-pour-moi\/"},"modified":"2022-06-29T13:37:57","modified_gmt":"2022-06-29T13:37:57","slug":"quelle-importance-sont-mes-valeurs-pour-moi","status":"publish","type":"post","link":"https:\/\/well-grounded.org\/fr\/quelle-importance-sont-mes-valeurs-pour-moi\/","title":{"rendered":"Quelle est l\u2019importance de mes valeurs \u00e0 mes yeux ?"},"content":{"rendered":"<div class=\"fusion-fullwidth fullwidth-box fusion-builder-row-1 fusion-flex-container nonhundred-percent-fullwidth non-hundred-percent-height-scrolling\" style=\"--awb-border-radius-top-left:0px;--awb-border-radius-top-right:0px;--awb-border-radius-bottom-right:0px;--awb-border-radius-bottom-left:0px;--awb-flex-wrap:wrap;\" ><div class=\"fusion-builder-row fusion-row fusion-flex-align-items-flex-start fusion-flex-content-wrap\" style=\"max-width:1331.2px;margin-left: calc(-4% \/ 2 );margin-right: calc(-4% \/ 2 );\"><div class=\"fusion-layout-column fusion_builder_column fusion-builder-column-0 fusion_builder_column_1_1 1_1 fusion-flex-column\" style=\"--awb-bg-size:cover;--awb-width-large:100%;--awb-margin-top-large:0px;--awb-spacing-right-large:1.92%;--awb-margin-bottom-large:0px;--awb-spacing-left-large:1.92%;--awb-width-medium:100%;--awb-spacing-right-medium:1.92%;--awb-spacing-left-medium:1.92%;--awb-width-small:100%;--awb-spacing-right-small:1.92%;--awb-spacing-left-small:1.92%;\"><div class=\"fusion-column-wrapper fusion-flex-justify-content-flex-start fusion-content-layout-column\"><div class=\"fusion-text fusion-text-1\"><p>Il y a environ une semaine, j\u2019ai rencontr\u00e9 un ami de longue date qui travaille pour une ONG locale de d\u00e9fense des droits humains. Il avait l\u2019air vraiment boulevers\u00e9 et a admis avec regret qu\u2019il \u00e9tait d\u00e9sabus\u00e9 car, a-t-il expliqu\u00e9 : \u00a0\u00ab\u00a0<em>dans notre\u00a0organisation, les effectifs sont estim\u00e9s \u00e0 20 personnes ; 50 % d\u2019entre eux sont des stagiaires sans contrat\u2026 Depuis plus de 5 ans, beaucoup d\u2019entre eux n\u2019ont pas eu de s\u00e9curit\u00e9 sociale, et au niveau des salaires, le paiement est retard\u00e9 2 mois sur 3, bien que notre tr\u00e9sorerie soit r\u00e9guli\u00e8re\u2026 Cette situation me r\u00e9volte d\u2019autant plus que nos valeurs internes sont l\u2019\u00e9quit\u00e9, la transparence, l\u2019humanit\u00e9 et l\u2019int\u00e9grit\u00e9 \u00bb.\u00a0<\/em>Cela m\u2019a fait r\u00e9fl\u00e9chir \u00e0 la mani\u00e8re dont nous choisissons nos valeurs, \u00e0 ce que nous entendons par ces derni\u00e8res et \u00e0 l\u2019importance que nous leur accordons, que ce soit au niveau personnel ou pour nos organisations. Comment pouvons-nous \u00eatre plus coh\u00e9rents avec nos propres valeurs ?<\/p>\n<p>Pour moi, une valeur est quelque chose de crucial, une ligne directrice, une boussole que je garde pr\u00e9cieusement en t\u00eate. Elle est comme une identit\u00e9 et me permet de ne pas me perdre ; elle guide mes choix quotidiens. C\u2019est comme une alarme. Comment ai-je identifi\u00e9 mes valeurs ? J\u2019en ai pris conscience il y a une dizaine d\u2019ann\u00e9es, lors d\u2019un stage. Les nommer et les reconna\u00eetre m\u2019a transport\u00e9. Lesquelles sont-elles ? Int\u00e9grit\u00e9, respect, engagement et humilit\u00e9\u00a0:<\/p>\n<ul>\n<li><strong>Int\u00e9grit\u00e9 :<\/strong><\/li>\n<li><strong>Respect :<\/strong>Le respect de moi-m\u00eame m\u2019aide \u00e0 respecter les autres.<\/li>\n<li><strong>Engagement\u00a0:<\/strong>rester fid\u00e8le \u00e0 ma parole m\u00eame lorsque des difficult\u00e9s surviennent.<\/li>\n<li><strong>Humilit\u00e9 :<\/strong>Laisser les autres r\u00e9v\u00e9ler mes propres qualit\u00e9s.<\/li>\n<\/ul>\n<p>Ces valeurs sont ma boussole et m\u2019emp\u00eachent de faire des choses que je pourrais regretter plus tard. Elles font partie de moi et j\u2019essaie de les int\u00e9grer dans mon quotidien personnel et professionnel.<\/p>\n<p>Est-il facile d\u2019\u00eatre en harmonie avec ses propres valeurs ? Je ne dirais pas cela, car tout n\u2019est pas noir ou blanc dans la vie. Les nuances existent et ce sont elles qui nous font souvent aller \u00e0 l\u2019encontre de nos propres valeurs. L\u2019avidit\u00e9, les tentations de toutes sortes, le d\u00e9sir de ne pas para\u00eetre faible, l\u2019instinct de survie et de domination, la d\u00e9termination chancelante, la peur des opinions des autres. Quant \u00e0 moi, ma conscience est mon alli\u00e9e au quotidien. Cela m\u2019aide \u00e0 me poser des questions en cas de besoin. Parfois, nous faisons taire la voix de notre conscience pour ne pas avoir \u00e0 poser de questions. Ne dit-on pas que les b\u00e9b\u00e9s qui essaient de mordre le sein qui les nourrit savent que ce qu\u2019ils font est mal ? Cela vaut encore plus pour les adultes.<\/p>\n<p>Que se passe-t-il alors lorsque, comme mon ami, nous travaillons dans une organisation qui bafoue ses propres valeurs ? Doit-on continuer \u00e0 assister au d\u00e9roulement des \u00e9v\u00e9nements, nous plaindre sans cesse dans les coulisses et risquer un ulc\u00e8re ? Faut-il s&rsquo;accrocher et essayer de faire bouger les choses au risque de perdre son emploi ? Faut-il rester et devenir le larbin du patron ? Devrait-on simplement claquer la porte avant que cette situation ne nous transforme et ne corrompe nos valeurs ? Que sommes-nous pr\u00eats \u00e0 faire pour \u00eatre en accord avec nos valeurs ?<\/p>\n<\/div><\/div><\/div><\/div><\/div>\n","protected":false},"excerpt":{"rendered":"","protected":false},"author":1,"featured_media":4473,"comment_status":"open","ping_status":"open","sticky":false,"template":"","format":"standard","meta":{"_jetpack_memberships_contains_paid_content":false,"footnotes":""},"categories":[284],"tags":[299,300,140],"class_list":["post-5228","post","type-post","status-publish","format-standard","has-post-thumbnail","hentry","category-temoignages-du-terrain","tag-la-coherence","tag-organisme","tag-valeurs"],"yoast_head":"<!-- This site is optimized with the Yoast SEO plugin v27.4 - https:\/\/yoast.com\/product\/yoast-seo-wordpress\/ -->\n<title>Quelle est l\u2019importance de mes valeurs \u00e0 mes yeux ? - Well Grounded<\/title>\n<meta name=\"robots\" content=\"index, follow, max-snippet:-1, max-image-preview:large, max-video-preview:-1\" \/>\n<link rel=\"canonical\" href=\"https:\/\/well-grounded.org\/fr\/quelle-importance-sont-mes-valeurs-pour-moi\/\" \/>\n<meta property=\"og:locale\" content=\"fr_FR\" \/>\n<meta property=\"og:type\" content=\"article\" \/>\n<meta property=\"og:title\" content=\"Quelle est l\u2019importance de mes valeurs \u00e0 mes yeux ? - Well Grounded\" \/>\n<meta property=\"og:url\" content=\"https:\/\/well-grounded.org\/fr\/quelle-importance-sont-mes-valeurs-pour-moi\/\" \/>\n<meta property=\"og:site_name\" content=\"Well Grounded\" \/>\n<meta property=\"article:published_time\" content=\"2020-07-30T08:30:29+00:00\" \/>\n<meta property=\"article:modified_time\" content=\"2022-06-29T13:37:57+00:00\" \/>\n<meta property=\"og:image\" content=\"https:\/\/i0.wp.com\/well-grounded.org\/wp-content\/uploads\/2022\/03\/article-blog-hermine-image-valeurs.png?fit=652%2C435&ssl=1\" \/>\n\t<meta property=\"og:image:width\" content=\"652\" \/>\n\t<meta property=\"og:image:height\" content=\"435\" \/>\n\t<meta property=\"og:image:type\" content=\"image\/png\" \/>\n<meta name=\"author\" content=\"admin\" \/>\n<meta name=\"twitter:card\" content=\"summary_large_image\" \/>\n<meta name=\"twitter:label1\" content=\"\u00c9crit par\" \/>\n\t<meta name=\"twitter:data1\" content=\"admin\" \/>\n\t<meta name=\"twitter:label2\" content=\"Dur\u00e9e de lecture estim\u00e9e\" \/>\n\t<meta name=\"twitter:data2\" content=\"15 minutes\" \/>\n<!-- \/ Yoast SEO plugin. -->","yoast_head_json":{"title":"Quelle est l\u2019importance de mes valeurs \u00e0 mes yeux ? - Well Grounded","robots":{"index":"index","follow":"follow","max-snippet":"max-snippet:-1","max-image-preview":"max-image-preview:large","max-video-preview":"max-video-preview:-1"},"canonical":"https:\/\/well-grounded.org\/fr\/quelle-importance-sont-mes-valeurs-pour-moi\/","og_locale":"fr_FR","og_type":"article","og_title":"Quelle est l\u2019importance de mes valeurs \u00e0 mes yeux ? - Well Grounded","og_url":"https:\/\/well-grounded.org\/fr\/quelle-importance-sont-mes-valeurs-pour-moi\/","og_site_name":"Well Grounded","article_published_time":"2020-07-30T08:30:29+00:00","article_modified_time":"2022-06-29T13:37:57+00:00","og_image":[{"width":652,"height":435,"url":"https:\/\/i0.wp.com\/well-grounded.org\/wp-content\/uploads\/2022\/03\/article-blog-hermine-image-valeurs.png?fit=652%2C435&ssl=1","type":"image\/png"}],"author":"admin","twitter_card":"summary_large_image","twitter_misc":{"\u00c9crit par":"admin","Dur\u00e9e de lecture estim\u00e9e":"15 minutes"},"schema":{"@context":"https:\/\/schema.org","@graph":[{"@type":"Article","@id":"https:\/\/well-grounded.org\/fr\/quelle-importance-sont-mes-valeurs-pour-moi\/#article","isPartOf":{"@id":"https:\/\/well-grounded.org\/fr\/quelle-importance-sont-mes-valeurs-pour-moi\/"},"author":{"name":"admin","@id":"https:\/\/well-grounded.org\/fr\/#\/schema\/person\/f20fe8e79d42d64d637f9f09bd10ee08"},"headline":"Quelle est l\u2019importance de mes valeurs \u00e0 mes yeux ?","datePublished":"2020-07-30T08:30:29+00:00","dateModified":"2022-06-29T13:37:57+00:00","mainEntityOfPage":{"@id":"https:\/\/well-grounded.org\/fr\/quelle-importance-sont-mes-valeurs-pour-moi\/"},"wordCount":820,"commentCount":0,"publisher":{"@id":"https:\/\/well-grounded.org\/fr\/#organization"},"image":{"@id":"https:\/\/well-grounded.org\/fr\/quelle-importance-sont-mes-valeurs-pour-moi\/#primaryimage"},"thumbnailUrl":"https:\/\/i0.wp.com\/well-grounded.org\/wp-content\/uploads\/2022\/03\/article-blog-hermine-image-valeurs.png?fit=652%2C435&ssl=1","keywords":["la coh\u00e9rence","organisme","Valeurs"],"articleSection":["T\u00e9moignages du terrain"],"inLanguage":"fr-FR","potentialAction":[{"@type":"CommentAction","name":"Comment","target":["https:\/\/well-grounded.org\/fr\/quelle-importance-sont-mes-valeurs-pour-moi\/#respond"]}]},{"@type":"WebPage","@id":"https:\/\/well-grounded.org\/fr\/quelle-importance-sont-mes-valeurs-pour-moi\/","url":"https:\/\/well-grounded.org\/fr\/quelle-importance-sont-mes-valeurs-pour-moi\/","name":"Quelle est l\u2019importance de mes valeurs \u00e0 mes yeux ? - Well Grounded","isPartOf":{"@id":"https:\/\/well-grounded.org\/fr\/#website"},"primaryImageOfPage":{"@id":"https:\/\/well-grounded.org\/fr\/quelle-importance-sont-mes-valeurs-pour-moi\/#primaryimage"},"image":{"@id":"https:\/\/well-grounded.org\/fr\/quelle-importance-sont-mes-valeurs-pour-moi\/#primaryimage"},"thumbnailUrl":"https:\/\/i0.wp.com\/well-grounded.org\/wp-content\/uploads\/2022\/03\/article-blog-hermine-image-valeurs.png?fit=652%2C435&ssl=1","datePublished":"2020-07-30T08:30:29+00:00","dateModified":"2022-06-29T13:37:57+00:00","breadcrumb":{"@id":"https:\/\/well-grounded.org\/fr\/quelle-importance-sont-mes-valeurs-pour-moi\/#breadcrumb"},"inLanguage":"fr-FR","potentialAction":[{"@type":"ReadAction","target":["https:\/\/well-grounded.org\/fr\/quelle-importance-sont-mes-valeurs-pour-moi\/"]}]},{"@type":"ImageObject","inLanguage":"fr-FR","@id":"https:\/\/well-grounded.org\/fr\/quelle-importance-sont-mes-valeurs-pour-moi\/#primaryimage","url":"https:\/\/i0.wp.com\/well-grounded.org\/wp-content\/uploads\/2022\/03\/article-blog-hermine-image-valeurs.png?fit=652%2C435&ssl=1","contentUrl":"https:\/\/i0.wp.com\/well-grounded.org\/wp-content\/uploads\/2022\/03\/article-blog-hermine-image-valeurs.png?fit=652%2C435&ssl=1","width":652,"height":435},{"@type":"BreadcrumbList","@id":"https:\/\/well-grounded.org\/fr\/quelle-importance-sont-mes-valeurs-pour-moi\/#breadcrumb","itemListElement":[{"@type":"ListItem","position":1,"name":"Home","item":"https:\/\/well-grounded.org\/fr\/"},{"@type":"ListItem","position":2,"name":"Quelle est l\u2019importance de mes valeurs \u00e0 mes yeux ?"}]},{"@type":"WebSite","@id":"https:\/\/well-grounded.org\/fr\/#website","url":"https:\/\/well-grounded.org\/fr\/","name":"Well Grounded","description":"Empowering Civil Society","publisher":{"@id":"https:\/\/well-grounded.org\/fr\/#organization"},"potentialAction":[{"@type":"SearchAction","target":{"@type":"EntryPoint","urlTemplate":"https:\/\/well-grounded.org\/fr\/?s={search_term_string}"},"query-input":{"@type":"PropertyValueSpecification","valueRequired":true,"valueName":"search_term_string"}}],"inLanguage":"fr-FR"},{"@type":"Organization","@id":"https:\/\/well-grounded.org\/fr\/#organization","name":"Well Grounded","url":"https:\/\/well-grounded.org\/fr\/","logo":{"@type":"ImageObject","inLanguage":"fr-FR","@id":"https:\/\/well-grounded.org\/fr\/#\/schema\/logo\/image\/","url":"https:\/\/well-grounded.org\/wp-content\/uploads\/2022\/07\/Well-Grounded-Logo-with-tagline-no-Map.jpg","contentUrl":"https:\/\/well-grounded.org\/wp-content\/uploads\/2022\/07\/Well-Grounded-Logo-with-tagline-no-Map.jpg","width":1195,"height":809,"caption":"Well Grounded"},"image":{"@id":"https:\/\/well-grounded.org\/fr\/#\/schema\/logo\/image\/"}},{"@type":"Person","@id":"https:\/\/well-grounded.org\/fr\/#\/schema\/person\/f20fe8e79d42d64d637f9f09bd10ee08","name":"admin","image":{"@type":"ImageObject","inLanguage":"fr-FR","@id":"https:\/\/secure.gravatar.com\/avatar\/5496286fffac811aab67ce956df57577c44051ca9bb6f9b7d386353b0dd7a205?s=96&d=mm&r=g","url":"https:\/\/secure.gravatar.com\/avatar\/5496286fffac811aab67ce956df57577c44051ca9bb6f9b7d386353b0dd7a205?s=96&d=mm&r=g","contentUrl":"https:\/\/secure.gravatar.com\/avatar\/5496286fffac811aab67ce956df57577c44051ca9bb6f9b7d386353b0dd7a205?s=96&d=mm&r=g","caption":"admin"},"description":"This is a test of user profile update, using lea's picture and this text instead of an actual biography. Here is a new paragraph","url":"https:\/\/well-grounded.org\/fr\/author\/admin\/"}]}},"jetpack_featured_media_url":"https:\/\/i0.wp.com\/well-grounded.org\/wp-content\/uploads\/2022\/03\/article-blog-hermine-image-valeurs.png?fit=652%2C435&ssl=1","jetpack_sharing_enabled":true,"_links":{"self":[{"href":"https:\/\/well-grounded.org\/fr\/wp-json\/wp\/v2\/posts\/5228","targetHints":{"allow":["GET"]}}],"collection":[{"href":"https:\/\/well-grounded.org\/fr\/wp-json\/wp\/v2\/posts"}],"about":[{"href":"https:\/\/well-grounded.org\/fr\/wp-json\/wp\/v2\/types\/post"}],"author":[{"embeddable":true,"href":"https:\/\/well-grounded.org\/fr\/wp-json\/wp\/v2\/users\/1"}],"replies":[{"embeddable":true,"href":"https:\/\/well-grounded.org\/fr\/wp-json\/wp\/v2\/comments?post=5228"}],"version-history":[{"count":0,"href":"https:\/\/well-grounded.org\/fr\/wp-json\/wp\/v2\/posts\/5228\/revisions"}],"wp:featuredmedia":[{"embeddable":true,"href":"https:\/\/well-grounded.org\/fr\/wp-json\/wp\/v2\/media\/4473"}],"wp:attachment":[{"href":"https:\/\/well-grounded.org\/fr\/wp-json\/wp\/v2\/media?parent=5228"}],"wp:term":[{"taxonomy":"category","embeddable":true,"href":"https:\/\/well-grounded.org\/fr\/wp-json\/wp\/v2\/categories?post=5228"},{"taxonomy":"post_tag","embeddable":true,"href":"https:\/\/well-grounded.org\/fr\/wp-json\/wp\/v2\/tags?post=5228"}],"curies":[{"name":"wp","href":"https:\/\/api.w.org\/{rel}","templated":true}]}}