{"id":5224,"date":"2020-03-26T11:27:01","date_gmt":"2020-03-26T11:27:01","guid":{"rendered":"https:\/\/well-grounded.org\/reveillez-le-leader-resilient-qui-sommeille-en-vous\/"},"modified":"2022-06-29T13:58:14","modified_gmt":"2022-06-29T13:58:14","slug":"reveillez-le-leader-resilient-en-vous","status":"publish","type":"post","link":"https:\/\/well-grounded.org\/fr\/reveillez-le-leader-resilient-en-vous\/","title":{"rendered":"R\u00e9veillez le leader r\u00e9silient en vous&nbsp;!"},"content":{"rendered":"<div class=\"fusion-fullwidth fullwidth-box fusion-builder-row-1 fusion-flex-container nonhundred-percent-fullwidth non-hundred-percent-height-scrolling\" style=\"--awb-border-radius-top-left:0px;--awb-border-radius-top-right:0px;--awb-border-radius-bottom-right:0px;--awb-border-radius-bottom-left:0px;--awb-flex-wrap:wrap;\" ><div class=\"fusion-builder-row fusion-row fusion-flex-align-items-flex-start fusion-flex-content-wrap\" style=\"max-width:1331.2px;margin-left: calc(-4% \/ 2 );margin-right: calc(-4% \/ 2 );\"><div class=\"fusion-layout-column fusion_builder_column fusion-builder-column-0 fusion_builder_column_1_1 1_1 fusion-flex-column\" style=\"--awb-bg-size:cover;--awb-width-large:100%;--awb-margin-top-large:0px;--awb-spacing-right-large:1.92%;--awb-margin-bottom-large:0px;--awb-spacing-left-large:1.92%;--awb-width-medium:100%;--awb-spacing-right-medium:1.92%;--awb-spacing-left-medium:1.92%;--awb-width-small:100%;--awb-spacing-right-small:1.92%;--awb-spacing-left-small:1.92%;\"><div class=\"fusion-column-wrapper fusion-flex-justify-content-flex-start fusion-content-layout-column\"><div class=\"fusion-text fusion-text-1\"><p><style type=\"text\/css\"><\/style>\n<\/p>\n<section class=\"kc-elm kc-css-1925244 kc_row\">\n<div class=\"kc-row-container kc-container\">\n<div class=\"kc-wrap-columns\">\n<div class=\"kc-elm kc-css-1780279 kc_col-sm-12 kc_column kc_col-sm-12\">\n<div class=\"kc-col-container\">\n<div class=\"kc-elm kc-css-1455057 kc_text_block\">\n<p>Nous vivons une \u00e9poque impr\u00e9visible au cours de laquelle nous ne pouvons pas savoir comment la pand\u00e9mie de Covid-19 va \u00e9voluer d&rsquo;un jour \u00e0 l&rsquo;autre.. Nous ne pouvons pas anticiper ni contr\u00f4ler les mesures que nos dirigeants prendront. J&rsquo;ai l&rsquo;impression d&rsquo;avoir v\u00e9cu cela auparavant, avec une dimension diff\u00e9rente. Je suis congolais de Goma et je fais partie de la g\u00e9n\u00e9ration malchanceuse ou chanceuse qui vit dans un Congo en guerre depuis deux d\u00e9cennies. Mais cette guerre contre le Covid 19 est diff\u00e9rente : on ne voit pas l&rsquo;ennemi, seulement les d\u00e9g\u00e2ts qu&rsquo;il cause.<\/p>\n<\/p>\n<p>Nos clients, les organisations de la soci\u00e9t\u00e9 civile en R\u00e9publique d\u00e9mocratique du Congo, en R\u00e9publique du Congo, en R\u00e9publique centrafricaine, au Cameroun et en C\u00f4te d&rsquo;Ivoire ne sont pas encore \u00e0 l\u2019apog\u00e9e de la pand\u00e9mie. Et pourtant, cela ne devrait pas tarder, m\u00eame si l&rsquo;on peut dire que les autorit\u00e9s et les populations n&rsquo;ont pas encore pris en compte la gravit\u00e9 de la situation. Ils attendent que le pire se produise et anticipent peut-\u00eatre diff\u00e9rents sc\u00e9narios. Et vous, en tant qu&rsquo;acteur du changement, acteur de la soci\u00e9t\u00e9 civile, que pouvez-vous faire ?<\/p>\n<\/p>\n<p>Avoir une strat\u00e9gie est utile, mais ce n&rsquo;est qu&rsquo;en \u00e9voluant constamment que l&rsquo;on peut faire la diff\u00e9rence dans un contexte o\u00f9 les choses changent quotidiennement. Cela nous oblige \u00e0 utiliser toutes nos capacit\u00e9s de r\u00e9silience. Certains d&rsquo;entre nous se sentent impuissants dans cette situation ; le contraire serait \u00e9tonnant. Je connais tr\u00e8s bien ce sentiment d&rsquo;impuissance, ce sentiment de vouloir que quelqu&rsquo;un ou quelque chose prenne les choses en mains, de vouloir arr\u00eater de compter ou de penser, de vivre et de ne pas survivre\u2026<\/p>\n<\/p>\n<p>Beaucoup aspirent \u00e0 plus de contr\u00f4le qu&rsquo;il n&rsquo;est possible d&rsquo;en avoir. Selon Vaughn G. Sinclair , la r\u00e9silience &#8211; maintenir son \u00e9quilibre sous pression &#8211; est l&rsquo;une des comp\u00e9tences les plus importantes pour les dirigeants de tous niveaux. \u00ab Il ne s&rsquo;agit pas de savoir comment \u00e9viter les difficult\u00e9s et le stress &#8211; c&rsquo;est presque impossible \u00bb, dit-elle. \u00ab Il s&rsquo;agit de savoir les affronter \u00bb. En r\u00e9alit\u00e9, ce sur quoi nous avons au moins un certain contr\u00f4le, c&rsquo;est la fa\u00e7on dont nous apprenons et g\u00e9rons ces temps difficiles. Cette crise prendra fin. Le monde aura chang\u00e9, et nous aussi. Notre capacit\u00e9 \u00e0 faire face au stress, \u00e0 la maladie et au changement s&rsquo;am\u00e9liore lorsque nous prenons mieux soin de nous et r\u00e9fl\u00e9chissons \u00e0 notre exp\u00e9rience. Imaginez-vous en train de regarder le leader que vous \u00eates maintenant devenu. Qui est ce leader plus sage et plus r\u00e9silient ? Comment se sont-ils comport\u00e9s et ont-ils conduit les autres ? Comment ont-ils contribu\u00e9 \u00e0 la sortie de crise ?<\/p>\n<\/p>\n<p>Voici un exercice de coaching que j&rsquo;ai enregistr\u00e9 pour vous qui prendra environ cinq minutes. Cet exercice vous aidera \u00e0 vous connecter \u00e0 vos valeurs les plus ch\u00e8res et \u00e0 trouver un objectif, en partant de l\u00e0 o\u00f9 vous en \u00eates actuellement. Vous pourrez faire appel \u00e0 ce leader dans vos actions quotidiennes, une sorte de \u00ab pri\u00e8re s\u00e9culi\u00e8re \u00bb, une visualisation positive ! L&rsquo;incertitude et les perturbations sont une excellente occasion de se conna\u00eetre et de s&rsquo;\u00e9panouir. Vos choix de leadership aujourd&rsquo;hui ont un impact consid\u00e9rable sur les autres et sur le leader que vous devenez. Veuillez cliquer ici pour \u00e9couter l&rsquo;exercice (en fran\u00e7ais).<\/p>\n<p>&nbsp;<\/p>\n<\/p>\n<p>Moi-m\u00eame et tous mes coll\u00e8gues de Well Grounded sommes reconnaissants d&rsquo;avoir travers\u00e9 cette situation ensemble. Nous sommes solidaires !<\/p>\n<p>&nbsp;<\/p>\n<\/p>\n<\/div>\n<\/div>\n<\/div>\n<\/div>\n<\/div>\n<\/section>\n<\/div><\/div><\/div><\/div><\/div>","protected":false},"excerpt":{"rendered":"","protected":false},"author":1,"featured_media":4461,"comment_status":"open","ping_status":"open","sticky":false,"template":"","format":"standard","meta":{"_jetpack_memberships_contains_paid_content":false,"footnotes":""},"categories":[284],"tags":[124,305,304,91,303,125],"class_list":["post-5224","post","type-post","status-publish","format-standard","has-post-thumbnail","hentry","category-temoignages-du-terrain","tag-connaissance-de-soi","tag-covid-19-fr","tag-encadrement","tag-leadership","tag-monnaie","tag-resilience"],"yoast_head":"<!-- This site is optimized with the Yoast SEO plugin v27.4 - https:\/\/yoast.com\/product\/yoast-seo-wordpress\/ -->\n<title>R\u00e9veillez le leader r\u00e9silient en vous&nbsp;! - Well Grounded<\/title>\n<meta name=\"robots\" content=\"index, follow, max-snippet:-1, max-image-preview:large, max-video-preview:-1\" \/>\n<link rel=\"canonical\" href=\"https:\/\/well-grounded.org\/fr\/reveillez-le-leader-resilient-en-vous\/\" \/>\n<meta property=\"og:locale\" content=\"fr_FR\" \/>\n<meta property=\"og:type\" content=\"article\" \/>\n<meta property=\"og:title\" content=\"R\u00e9veillez le leader r\u00e9silient en vous&nbsp;! - Well Grounded\" \/>\n<meta property=\"og:url\" content=\"https:\/\/well-grounded.org\/fr\/reveillez-le-leader-resilient-en-vous\/\" \/>\n<meta property=\"og:site_name\" content=\"Well Grounded\" \/>\n<meta property=\"article:published_time\" content=\"2020-03-26T11:27:01+00:00\" \/>\n<meta property=\"article:modified_time\" content=\"2022-06-29T13:58:14+00:00\" \/>\n<meta property=\"og:image\" content=\"https:\/\/i0.wp.com\/well-grounded.org\/wp-content\/uploads\/2022\/03\/ley-uwera-31.jpg?fit=1920%2C1280&ssl=1\" \/>\n\t<meta property=\"og:image:width\" content=\"1920\" \/>\n\t<meta property=\"og:image:height\" content=\"1280\" \/>\n\t<meta property=\"og:image:type\" content=\"image\/jpeg\" \/>\n<meta name=\"author\" content=\"admin\" \/>\n<meta name=\"twitter:card\" content=\"summary_large_image\" \/>\n<meta name=\"twitter:label1\" content=\"\u00c9crit par\" \/>\n\t<meta name=\"twitter:data1\" content=\"admin\" \/>\n\t<meta name=\"twitter:label2\" content=\"Dur\u00e9e de lecture estim\u00e9e\" \/>\n\t<meta name=\"twitter:data2\" content=\"15 minutes\" \/>\n<!-- \/ Yoast SEO plugin. -->","yoast_head_json":{"title":"R\u00e9veillez le leader r\u00e9silient en vous&nbsp;! - Well Grounded","robots":{"index":"index","follow":"follow","max-snippet":"max-snippet:-1","max-image-preview":"max-image-preview:large","max-video-preview":"max-video-preview:-1"},"canonical":"https:\/\/well-grounded.org\/fr\/reveillez-le-leader-resilient-en-vous\/","og_locale":"fr_FR","og_type":"article","og_title":"R\u00e9veillez le leader r\u00e9silient en vous&nbsp;! - Well Grounded","og_url":"https:\/\/well-grounded.org\/fr\/reveillez-le-leader-resilient-en-vous\/","og_site_name":"Well Grounded","article_published_time":"2020-03-26T11:27:01+00:00","article_modified_time":"2022-06-29T13:58:14+00:00","og_image":[{"width":1920,"height":1280,"url":"https:\/\/i0.wp.com\/well-grounded.org\/wp-content\/uploads\/2022\/03\/ley-uwera-31.jpg?fit=1920%2C1280&ssl=1","type":"image\/jpeg"}],"author":"admin","twitter_card":"summary_large_image","twitter_misc":{"\u00c9crit par":"admin","Dur\u00e9e de lecture estim\u00e9e":"15 minutes"},"schema":{"@context":"https:\/\/schema.org","@graph":[{"@type":"Article","@id":"https:\/\/well-grounded.org\/fr\/reveillez-le-leader-resilient-en-vous\/#article","isPartOf":{"@id":"https:\/\/well-grounded.org\/fr\/reveillez-le-leader-resilient-en-vous\/"},"author":{"name":"admin","@id":"https:\/\/well-grounded.org\/fr\/#\/schema\/person\/f20fe8e79d42d64d637f9f09bd10ee08"},"headline":"R\u00e9veillez le leader r\u00e9silient en vous&nbsp;!","datePublished":"2020-03-26T11:27:01+00:00","dateModified":"2022-06-29T13:58:14+00:00","mainEntityOfPage":{"@id":"https:\/\/well-grounded.org\/fr\/reveillez-le-leader-resilient-en-vous\/"},"wordCount":875,"commentCount":0,"publisher":{"@id":"https:\/\/well-grounded.org\/fr\/#organization"},"image":{"@id":"https:\/\/well-grounded.org\/fr\/reveillez-le-leader-resilient-en-vous\/#primaryimage"},"thumbnailUrl":"https:\/\/i0.wp.com\/well-grounded.org\/wp-content\/uploads\/2022\/03\/ley-uwera-31.jpg?fit=1920%2C1280&ssl=1","keywords":["connaissance de soi","covid 19","encadrement","leadership","monnaie","r\u00e9silience"],"articleSection":["T\u00e9moignages du terrain"],"inLanguage":"fr-FR","potentialAction":[{"@type":"CommentAction","name":"Comment","target":["https:\/\/well-grounded.org\/fr\/reveillez-le-leader-resilient-en-vous\/#respond"]}]},{"@type":"WebPage","@id":"https:\/\/well-grounded.org\/fr\/reveillez-le-leader-resilient-en-vous\/","url":"https:\/\/well-grounded.org\/fr\/reveillez-le-leader-resilient-en-vous\/","name":"R\u00e9veillez le leader r\u00e9silient en vous&nbsp;! - Well Grounded","isPartOf":{"@id":"https:\/\/well-grounded.org\/fr\/#website"},"primaryImageOfPage":{"@id":"https:\/\/well-grounded.org\/fr\/reveillez-le-leader-resilient-en-vous\/#primaryimage"},"image":{"@id":"https:\/\/well-grounded.org\/fr\/reveillez-le-leader-resilient-en-vous\/#primaryimage"},"thumbnailUrl":"https:\/\/i0.wp.com\/well-grounded.org\/wp-content\/uploads\/2022\/03\/ley-uwera-31.jpg?fit=1920%2C1280&ssl=1","datePublished":"2020-03-26T11:27:01+00:00","dateModified":"2022-06-29T13:58:14+00:00","breadcrumb":{"@id":"https:\/\/well-grounded.org\/fr\/reveillez-le-leader-resilient-en-vous\/#breadcrumb"},"inLanguage":"fr-FR","potentialAction":[{"@type":"ReadAction","target":["https:\/\/well-grounded.org\/fr\/reveillez-le-leader-resilient-en-vous\/"]}]},{"@type":"ImageObject","inLanguage":"fr-FR","@id":"https:\/\/well-grounded.org\/fr\/reveillez-le-leader-resilient-en-vous\/#primaryimage","url":"https:\/\/i0.wp.com\/well-grounded.org\/wp-content\/uploads\/2022\/03\/ley-uwera-31.jpg?fit=1920%2C1280&ssl=1","contentUrl":"https:\/\/i0.wp.com\/well-grounded.org\/wp-content\/uploads\/2022\/03\/ley-uwera-31.jpg?fit=1920%2C1280&ssl=1","width":1920,"height":1280},{"@type":"BreadcrumbList","@id":"https:\/\/well-grounded.org\/fr\/reveillez-le-leader-resilient-en-vous\/#breadcrumb","itemListElement":[{"@type":"ListItem","position":1,"name":"Home","item":"https:\/\/well-grounded.org\/fr\/"},{"@type":"ListItem","position":2,"name":"R\u00e9veillez le leader r\u00e9silient en vous&nbsp;!"}]},{"@type":"WebSite","@id":"https:\/\/well-grounded.org\/fr\/#website","url":"https:\/\/well-grounded.org\/fr\/","name":"Well Grounded","description":"Empowering Civil Society","publisher":{"@id":"https:\/\/well-grounded.org\/fr\/#organization"},"potentialAction":[{"@type":"SearchAction","target":{"@type":"EntryPoint","urlTemplate":"https:\/\/well-grounded.org\/fr\/?s={search_term_string}"},"query-input":{"@type":"PropertyValueSpecification","valueRequired":true,"valueName":"search_term_string"}}],"inLanguage":"fr-FR"},{"@type":"Organization","@id":"https:\/\/well-grounded.org\/fr\/#organization","name":"Well Grounded","url":"https:\/\/well-grounded.org\/fr\/","logo":{"@type":"ImageObject","inLanguage":"fr-FR","@id":"https:\/\/well-grounded.org\/fr\/#\/schema\/logo\/image\/","url":"https:\/\/well-grounded.org\/wp-content\/uploads\/2022\/07\/Well-Grounded-Logo-with-tagline-no-Map.jpg","contentUrl":"https:\/\/well-grounded.org\/wp-content\/uploads\/2022\/07\/Well-Grounded-Logo-with-tagline-no-Map.jpg","width":1195,"height":809,"caption":"Well Grounded"},"image":{"@id":"https:\/\/well-grounded.org\/fr\/#\/schema\/logo\/image\/"}},{"@type":"Person","@id":"https:\/\/well-grounded.org\/fr\/#\/schema\/person\/f20fe8e79d42d64d637f9f09bd10ee08","name":"admin","image":{"@type":"ImageObject","inLanguage":"fr-FR","@id":"https:\/\/secure.gravatar.com\/avatar\/5496286fffac811aab67ce956df57577c44051ca9bb6f9b7d386353b0dd7a205?s=96&d=mm&r=g","url":"https:\/\/secure.gravatar.com\/avatar\/5496286fffac811aab67ce956df57577c44051ca9bb6f9b7d386353b0dd7a205?s=96&d=mm&r=g","contentUrl":"https:\/\/secure.gravatar.com\/avatar\/5496286fffac811aab67ce956df57577c44051ca9bb6f9b7d386353b0dd7a205?s=96&d=mm&r=g","caption":"admin"},"description":"This is a test of user profile update, using lea's picture and this text instead of an actual biography. Here is a new paragraph","url":"https:\/\/well-grounded.org\/fr\/author\/admin\/"}]}},"jetpack_featured_media_url":"https:\/\/i0.wp.com\/well-grounded.org\/wp-content\/uploads\/2022\/03\/ley-uwera-31.jpg?fit=1920%2C1280&ssl=1","jetpack_sharing_enabled":true,"_links":{"self":[{"href":"https:\/\/well-grounded.org\/fr\/wp-json\/wp\/v2\/posts\/5224","targetHints":{"allow":["GET"]}}],"collection":[{"href":"https:\/\/well-grounded.org\/fr\/wp-json\/wp\/v2\/posts"}],"about":[{"href":"https:\/\/well-grounded.org\/fr\/wp-json\/wp\/v2\/types\/post"}],"author":[{"embeddable":true,"href":"https:\/\/well-grounded.org\/fr\/wp-json\/wp\/v2\/users\/1"}],"replies":[{"embeddable":true,"href":"https:\/\/well-grounded.org\/fr\/wp-json\/wp\/v2\/comments?post=5224"}],"version-history":[{"count":0,"href":"https:\/\/well-grounded.org\/fr\/wp-json\/wp\/v2\/posts\/5224\/revisions"}],"wp:featuredmedia":[{"embeddable":true,"href":"https:\/\/well-grounded.org\/fr\/wp-json\/wp\/v2\/media\/4461"}],"wp:attachment":[{"href":"https:\/\/well-grounded.org\/fr\/wp-json\/wp\/v2\/media?parent=5224"}],"wp:term":[{"taxonomy":"category","embeddable":true,"href":"https:\/\/well-grounded.org\/fr\/wp-json\/wp\/v2\/categories?post=5224"},{"taxonomy":"post_tag","embeddable":true,"href":"https:\/\/well-grounded.org\/fr\/wp-json\/wp\/v2\/tags?post=5224"}],"curies":[{"name":"wp","href":"https:\/\/api.w.org\/{rel}","templated":true}]}}