{"id":5216,"date":"2018-03-15T15:19:51","date_gmt":"2018-03-15T15:19:51","guid":{"rendered":"https:\/\/well-grounded.org\/plainte-abandonnee-mais-les-violations-systematiques-des-droits-humains-continuent-pour-les-communautes-autochtones-baka-du-cameroun\/"},"modified":"2022-06-29T14:22:25","modified_gmt":"2022-06-29T14:22:25","slug":"plainte-abandonnee-mais-les-violations-systematiques-des-droits-humains-continuent-pour-les-communautes-autochtones-baka-du-cameroun","status":"publish","type":"post","link":"https:\/\/well-grounded.org\/fr\/plainte-abandonnee-mais-les-violations-systematiques-des-droits-humains-continuent-pour-les-communautes-autochtones-baka-du-cameroun\/","title":{"rendered":"Plainte abandonn\u00e9e, mais les violations syst\u00e9matiques des droits humains continuent pour les communaut\u00e9s autochtones Baka du Cameroun"},"content":{"rendered":"<div class=\"fusion-fullwidth fullwidth-box fusion-builder-row-1 fusion-flex-container nonhundred-percent-fullwidth non-hundred-percent-height-scrolling\" style=\"--awb-border-radius-top-left:0px;--awb-border-radius-top-right:0px;--awb-border-radius-bottom-right:0px;--awb-border-radius-bottom-left:0px;--awb-flex-wrap:wrap;\" ><div class=\"fusion-builder-row fusion-row fusion-flex-align-items-flex-start fusion-flex-content-wrap\" style=\"max-width:1331.2px;margin-left: calc(-4% \/ 2 );margin-right: calc(-4% \/ 2 );\"><div class=\"fusion-layout-column fusion_builder_column fusion-builder-column-0 fusion_builder_column_1_1 1_1 fusion-flex-column\" style=\"--awb-bg-size:cover;--awb-width-large:100%;--awb-margin-top-large:0px;--awb-spacing-right-large:1.92%;--awb-margin-bottom-large:0px;--awb-spacing-left-large:1.92%;--awb-width-medium:100%;--awb-spacing-right-medium:1.92%;--awb-spacing-left-medium:1.92%;--awb-width-small:100%;--awb-spacing-right-small:1.92%;--awb-spacing-left-small:1.92%;\"><div class=\"fusion-column-wrapper fusion-flex-justify-content-flex-start fusion-content-layout-column\"><div class=\"fusion-text fusion-text-1\"><style type=\"text\/css\"><\/style>\n<section class=\"kc-elm kc-css-2020333 kc_row\">\n<div class=\"kc-row-container kc-container\">\n<div class=\"kc-wrap-columns\">\n<div class=\"kc-elm kc-css-2848255 kc_col-sm-12 kc_column kc_col-sm-12\">\n<div class=\"kc-col-container\">\n<div class=\"kc-elm kc-css-2172794 kc_text_block\">\n<p>En septembre 2017, Survival International\u00a0\u00a0<a href=\"http:\/\/www.theecologist.org\/News\/news_analysis\/2989252\/survival_international_abandons_complaint_against_wwf_for_violating_indigenous_rights.html\">annon\u00e7ait<\/a>\u00a0qu\u2019il s\u2019\u00e9tait retir\u00e9 de la m\u00e9diation de l\u2019OCDE avec le WWF, suite \u00e0 sa plainte de 2016 d\u00e9pos\u00e9e contre l\u2019organisation concernant (entre autres) le mauvais traitement des Baka au Cameroun dans le cadre de ses activit\u00e9s de conservation. Bien que la plainte formelle de Survival International soit arriv\u00e9e \u00e0 son terme, les graves violations des droits humains des peuples autochtones associ\u00e9es aux activit\u00e9s de conservation au Cameroun (et\u00a0<a href=\"https:\/\/assets.survivalinternational.org\/documents\/1683\/how-will-we-survive.pdf\">ailleurs<\/a>) se poursuivent depuis longtemps et sont concr\u00e8tes, r\u00e9elles et continues. Elles sont le reflet de probl\u00e8mes qui s\u2019inscrivent au c\u0153ur de l\u2019approche de nombreux grands acteurs de la conservation.<\/p>\n<p>Au niveau international, bon nombre de grands acteurs internationaux de la conservation s\u2019engagent depuis longtemps en faveur des droits humains (souvent sous l\u2019effet de critiques concernant les effets pr\u00e9judiciables de leurs politiques sur les peuples autochtones). Le\u00a0<a href=\"http:\/\/wwf.panda.org\/what_we_do\/how_we_work\/people_and_conservation\/our_work\/indigenous_peoples\/\">site web<\/a>\u00a0du WWF indique qu\u2019il s\u2019agissait de \u00ab la premi\u00e8re organisation internationale de conservation \u00e0 avoir formellement adopt\u00e9 une\u00a0<a href=\"http:\/\/wwf.panda.org\/what_we_do\/how_we_work\/people_and_conservation\/wwf_social_policies\/indigenous_peoples\/\">politique<\/a>\u00a0reconnaissant les droits des peuples autochtones \u00bb.<\/p>\n<p>La politique du WWF reconna\u00eet que \u00ab la plupart des zones importantes renfermant une grande valeur naturelle dans le monde sont habit\u00e9es par des peuples autochtones \u00bb et affirme que l\u2019organisation \u00ab ne promouvra ou ne soutiendra pas des interventions qui n\u2019ont pas re\u00e7u le consentement libre, pr\u00e9alable et \u00e9clair\u00e9 des communaut\u00e9s autochtones affect\u00e9es et pourra s\u2019opposer activement \u00e0 de telles interventions \u00bb. N\u00e9anmoins, 20 ans apr\u00e8s l\u2019adoption de la politique en mati\u00e8re de peuples autochtones, la mise en \u0153uvre sur le terrain reste tr\u00e8s probl\u00e9matique.<\/p>\n<p><strong>\u00ab Trop peur de se rendre \u00a0dans la for\u00eat \u00bb<\/strong><\/p>\n<p>Rien qu\u2019au cours des dix derni\u00e8res ann\u00e9es, les probl\u00e8mes de violences physiques exerc\u00e9es par des gardes forestiers, la crainte de \u00ab\u00a0<em>dobidobi<\/em> \u00bb (WWF), et la perte de l\u2019acc\u00e8s \u00e0 leurs zones foresti\u00e8res dans les aires de conservation ont \u00e9t\u00e9 \u00e9voqu\u00e9s \u00e0 maintes reprises par les communaut\u00e9s autochtones du Cameroun. Les probl\u00e8mes sont omnipr\u00e9sents. Ces violations sont injustifiables, ind\u00e9pendamment de toute implication \u00e9ventuelle de Baka dans des activit\u00e9s illicites. De plus, il convient de souligner que la chasse de subsistance des Baka sur leurs terres coutumi\u00e8res est souvent rendue illicite pr\u00e9cis\u00e9ment par la cr\u00e9ation de ces \u00ab aires prot\u00e9g\u00e9es \u00bb.<br \/>\nLes Baka sont extorqu\u00e9s et intimid\u00e9s lorsqu\u2019ils vont dans la for\u00eat, y compris sur les terres o\u00f9 ils ont l\u2019autorisation d\u2019aller. Les Baka qui ont pratiqu\u00e9 la chasse (m\u00eame l\u00e9galement) sont r\u00e9guli\u00e8rement arr\u00eat\u00e9s et frapp\u00e9s, qu\u2019ils aient chass\u00e9 dans le cadre de la loi ou pas. Leur viande de gibier (chass\u00e9e en toute l\u00e9galit\u00e9) est saisie par les gardes forestiers (ou leurs voisins Bantu qui \u00ab empruntent \u00bb leurs uniformes). On les d\u00e9robe ou les intimide lorsqu\u2019ils vont dans la for\u00eat, y compris dans les zones o\u00f9 ils ont le droit de se rendre.<\/p>\n<p>Une sanction collective (comprenant la suspension des droits d\u2019acc\u00e8s limit\u00e9s de l\u2019ensemble d\u2019une communaut\u00e9) a \u00e9t\u00e9 propos\u00e9e pour les villages Baka lorsqu\u2019un membre de la communaut\u00e9 a particip\u00e9 \u00e0 des activit\u00e9s de braconnage (ou est soup\u00e7onn\u00e9 de l\u2019avoir fait). R\u00e9cemment, les Baka d\u2019une r\u00e9gion recul\u00e9e du Cameroun ont indiqu\u00e9 qu\u2019ils avaient d\u00e9sormais \u00ab trop peur de se rendre dans la for\u00eat \u00bb, avec des effets d\u00e9vastateurs sur leurs moyens de subsistance, la transmission des savoirs traditionnels, et la survie de leur culture. De toute \u00e9vidence, l\u2019imposition d\u2019aires prot\u00e9g\u00e9es comme \u00ab forteresse de conservation \u00bb a fait appara\u00eetre et entra\u00een\u00e9 une multitude de nouvelles formes de violations \u00e0 l\u2019\u00e9gard des peuples autochtones.<\/p>\n<p>S\u2019il est \u00e0 esp\u00e9rer que le personnel du WWF n\u2019est pas directement impliqu\u00e9 dans ces violations (et ne les a pas souhait\u00e9es), son niveau de collaboration avec les personnes participant aux abus est important. Par exemple, les gardes forestiers utilisent fr\u00e9quemment des v\u00e9hicules du WWF pour se d\u00e9placer. Dans l\u2019est du Cameroun, le WWF partage un bureau avec le MINFOF et la direction d\u2019un parc national. Par ailleurs, \u00e0 travers son appui financier \u00e0 ces projets, le WWF finance (probablement indirectement, m\u00eame si cela est difficile \u00e0 d\u00e9terminer au vu de l\u2019absence d\u2019informations financi\u00e8res transparentes) l\u2019embauche des gardes forestiers.<\/p>\n<p>De plus, en violation apparente de sa propre politique, le WWF continue de soutenir et de promouvoir la cr\u00e9ation de zones de conservation sur les terres des peuples autochtones sans leur v\u00e9ritable consentement libre, pr\u00e9alable et \u00e9clair\u00e9. Cela entra\u00eene non seulement un d\u00e9ni de la propri\u00e9t\u00e9 autochtone, mais aussi des restrictions importantes de l&rsquo;utilisation traditionnelle des terres et de l&rsquo;acc\u00e8s \u00e0 celles-ci.<\/p>\n<p><strong>Des cons\u00e9quences enti\u00e8rement pr\u00e9visibles<\/strong><\/p>\n<p>Les violations g\u00e9n\u00e9ralis\u00e9es des droits humains li\u00e9es \u00e0 la cr\u00e9ation de parcs nationaux, aux aires de conservation et aux concessions de chasse priv\u00e9es, associ\u00e9es \u00e0 des politiques en mati\u00e8re d\u2019aires prot\u00e9g\u00e9es ax\u00e9es sur la surveillance et les patrouilles par des gardes forestiers arm\u00e9s, sont bien connues des acteurs de la conservation qui participent \u00e0 ces projets. Ces violations ne se limitent pas au WWF ou au Cameroun. Il s\u2019agit d\u2019un dilemme intrins\u00e8quement li\u00e9 aux organismes internationaux de conservation actifs dans des \u00c9tats dans lesquels les droits des peuples autochtones ne sont pas respect\u00e9s ou prot\u00e9g\u00e9s, et qui font passer en priorit\u00e9 la cr\u00e9ation de zones prot\u00e9g\u00e9es plut\u00f4t que de travailler \u00e0 des changements de politiques et de lois permettant un soutien r\u00e9el des communaut\u00e9s qui ont subsist\u00e9 gr\u00e2ce \u00e0 leurs terres \u00e9cologiquement riches.<\/p>\n<p>Au Cameroun par exemple, les droits fonciers des peuples autochtones ne sont pas reconnus par le droit national ; leurs villages ne sont pas reconnus par l\u2019\u00c9tat ; la plupart des autochtones ne disposent pas de certificats de naissance et rares sont ceux qui poss\u00e8dent une carte d\u2019identit\u00e9 nationale (n\u00e9cessaire pour pr\u00e9senter une plainte formelle devant la gendarmerie)\u00a0; beaucoup n\u2019ont re\u00e7u aucune \u00e9ducation et ne parlent donc pas les langues officielles de l\u2019\u00c9tat (le fran\u00e7ais ou l\u2019anglais). Leur acc\u00e8s \u00e0 la justice et \u00e0 la repr\u00e9sentation politique est presque nul. Par ailleurs, les peuples autochtones ont syst\u00e9matiquement \u00e9t\u00e9 victimes de violence et d\u2019exploitation perp\u00e9tr\u00e9es par les groupes bantu (dominants).<\/p>\n<p>Lorsqu\u2019une telle dynamique pr\u00e9vaut, toute collaboration entre les acteurs internationaux de la conservation et l\u2019\u00c9tat mettra in\u00e9vitablement en p\u00e9ril les droits et les moyens de subsistance de la population locale. Au Cameroun, d\u00e8s le d\u00e9but, le WWF savait, ou aurait d\u00fb savoir, que les parcs nationaux qu\u2019il a si ardemment soutenus engloberaient de vastes \u00e9tendues des terres Baka, qu\u2019\u00e9tant donn\u00e9 que les Baka n\u2019avaient jamais accept\u00e9 de c\u00e9der cette terre, il \u00e9tait peu probable qu\u2019ils respectent les limites du parc ou en comprennent m\u00eame la signification, et que dans un effort visant \u00e0 leur enseigner en quoi leurs coutumes \u00e9taient erron\u00e9es (ou uniquement parce qu\u2019ils se trouvaient dans une situation de pouvoir incontr\u00f4l\u00e9), les gardes forestiers auraient tr\u00e8s probablement recours \u00e0 la violence. C\u2019est exactement ce qui s\u2019est produit.<\/p>\n<p>Cela \u00e9tait enti\u00e8rement pr\u00e9visible, et si ce n\u2019\u00e9tait pas le cas au d\u00e9but, plus de 20 ann\u00e9es d\u2019exp\u00e9rience de ces violations ont prouv\u00e9 que ces politiques de conservation aboutissent in\u00e9vitablement \u00e0 ces r\u00e9sultats.<\/p>\n<p>Pour les acteurs internationaux de la conservation, la r\u00e9ponse fr\u00e9quemment donn\u00e9e est qu\u2019ils sont \u00ab contraints \u00bb dans leurs actions potentielles par les lois nationales. Par exemple, en\u00a0<a href=\"http:\/\/www.conservation-watch.org\/2017\/10\/12\/wwf-responds-to-survival-internationals-criticisms-protecting-our-planet-is-as-much-about-respecting-the-rights-of-the-people-that-depend-on-it-as-it-is-about-protecting-wildlife\/\">r\u00e9ponse<\/a>\u00a0\u00e0 la plainte de Survival, le WWF a d\u00e9clar\u00e9 que \u00ab les aires prot\u00e9g\u00e9es sont cr\u00e9\u00e9es et g\u00e9r\u00e9es par les \u00c9tats \u00bb et qu\u2019il peut \u00eatre \u00ab difficile \u00bb pour des organisations de \u00ab travailler dans un pays souverain avec des cadres juridiques diff\u00e9rents \u00bb.<\/p>\n<p>M\u00eame si cela est vrai, c\u2019est hors de propos. Toutes les organisations travaillant dans des pays comprenant des syst\u00e8mes de gouvernance difficiles comprennent qu\u2019il y a des d\u00e9fis et des compromis impliqu\u00e9s. Mais cela ne signifie pas que tout compromis ou toute collaboration est acceptable. Personne n\u2019a le droit de se cacher derri\u00e8re le pr\u00e9texte d\u2019une l\u00e9gislation locale qui ne respecte pas les droits fondamentaux. Selon les\u00a0<a href=\"https:\/\/business-humanrights.org\/fr\/node\/86208\/principes-directeurs-des-nations-unies\">Principes directeurs des Nations Unies relatifs aux entreprises et aux droits de l\u2019homme<\/a>, le devoir du WWF et d\u2019autres entreprises de respecter les droits humains des communaut\u00e9s affect\u00e9es par leurs projets \u00ab pr\u00e9vaut en outre sur le respect des lois et r\u00e8glements nationaux qui prot\u00e8gent les droits de l\u2019homme \u00bb. Le principe 13 affirme ensuite que, quoi que disent ces lois, les entreprises doivent \u00ab [s\u2019efforcer] de pr\u00e9venir ou d\u2019att\u00e9nuer les incidences n\u00e9gatives sur les droits de l\u2019homme qui sont directement li\u00e9es \u00e0 leurs activit\u00e9s (\u2026) m\u00eame si elles n\u2019ont pas contribu\u00e9 \u00e0 ces incidences \u00bb. La non-conformit\u00e9 avec les\u00a0<a href=\"http:\/\/wwf.panda.org\/what_we_do\/how_we_work\/people_and_conservation\/wwf_social_policies\/indigenous_peoples\/\">politiques<\/a>\u00a0internes du WWF est \u00e9galement flagrante.<\/p>\n<p><strong>Des compromis inacceptables<\/strong><\/p>\n<p>Souvent, les acteurs internationaux de la conservation sont pr\u00eats \u00e0 accepter le \u00ab co\u00fbt \u00bb de ces violations des droits humains tant que leur acc\u00e8s aux gouvernements permettant la r\u00e9alisation de leurs objectifs de conservation soit assur\u00e9. Cette position est tout simplement inacceptable, encore plus parce que ce sont les autochtones qui en paient le prix, et pas les conservationnistes.<\/p>\n<p>Afin de d\u00e9fendre leurs actions, WWF et d\u2019autres acteurs citent souvent le sc\u00e9nario invers\u00e9 (que la situation serait pire s\u2019ils n\u2019\u00e9taient pas l\u00e0) ou alors ils insistent sur les \u00ab b\u00e9n\u00e9fices \u00bb mineurs que leurs programmes apportent aux peuples autochtones. Cependant, ces b\u00e9n\u00e9fices (s\u2019ils sont r\u00e9alis\u00e9s) ne compensent pas ce qui a \u00e9t\u00e9 perdu. De mani\u00e8re plus importante, ce n\u2019est pas le r\u00f4le de WWF (ou de toute autre organisation) de juger de ce qui est dans l\u2019int\u00e9r\u00eat des peuples autochtones. Seules les communaut\u00e9s autochtones elles-m\u00eames peuvent d\u00e9cider si elles veulent faire de tels compromis. Mais cette forme de paternalisme se poursuit ainsi.<\/p>\n<p>WWF ne respectera jamais les droits des peuples autochtones \u00e0 moins que ses actions ne soient men\u00e9es par des d\u00e9cisions inform\u00e9es prises par les communaut\u00e9s, et apr\u00e8s qu\u2019une explication totale et ind\u00e9pendante des contraintes comprises ainsi que des int\u00e9r\u00eats des diff\u00e9rentes actions prises ne soit d\u00e9livr\u00e9e (une information qui ne soit pas d\u00e9vi\u00e9e par la pr\u00e9sentation de b\u00e9n\u00e9fices mineurs ajout\u00e9s au dernier moment \u00e0 des projets pr\u00e9con\u00e7us, et qui sont pr\u00e9sent\u00e9s comme des soi-disant r\u00e9compenses \u00e0 apporter \u00e0 la d\u00e9vastation que l\u2019entreprise produira chez le peuple en question).<\/p>\n<p><strong>Les peuples autochtones ne s\u2019opposent pas \u00e0 la conservation<\/strong><\/p>\n<p>Les communaut\u00e9s ne sont pas toujours parfaites (comme tout autre groupement humain ou institution), mais de mani\u00e8re g\u00e9n\u00e9rale les communaut\u00e9s autochtones s\u2019int\u00e9ressent \u00e0 la conservation et \u00e0 la poursuite de l\u2019utilisation de leurs for\u00eats. Les communaut\u00e9s savent \u00e9galement faire preuve de pragmatisme, et savent reconna\u00eetre que dans bon nombre de cas, une aire de conservation peut apporter plus de s\u00e9curit\u00e9 qu\u2019une concession foresti\u00e8re ou agro-industrielle qui pourrait provoquer des effets pires encore. Elles s\u2019opposent toutefois \u00e0 des syst\u00e8mes de conservation impos\u00e9s qui en font des \u00e9trangers et des intrus sur leurs propres terres. Elles sont \u00e9galement conscientes des pouvoirs limit\u00e9s des ONG ainsi que des contraintes politiques et des r\u00e9alit\u00e9s selon les contextes, qu\u2019elles prennent en consid\u00e9ration dans leur prise de d\u00e9cision.<\/p>\n<p>De nombreux peuples autochtones au Cameroun se manifesteraient sans doute en soutien d\u2019initiatives de conservation appropri\u00e9es et g\u00e9r\u00e9es de mani\u00e8re locale, respectant leurs droits. N\u00e9anmoins, les mod\u00e8les de conservation appliqu\u00e9s au Cameroun sont \u00e9labor\u00e9s sans contribution v\u00e9ritable des peuples autochtones, et ne respectent pas leurs droits ou leurs longues traditions de gestion et d\u2019utilisation durable des ressources naturelles. Il en r\u00e9sulte une situation de laquelle tout le monde ressort perdant. Non seulement les peuples autochtones souffrent beaucoup de la conservation, mais de plus en plus de preuves montrent \u00e9galement que les r\u00e9sultats en termes de conservation sont moindres si on les compare aux r\u00e9sultats de politiques qui respectent la propri\u00e9t\u00e9 et la gestion traditionnelles autochtones de la terre.<\/p>\n<p>Cet \u00e9tat de fait a r\u00e9cemment \u00e9t\u00e9 mis en exergue par le\u00a0<a href=\"https:\/\/documents-dds-ny.un.org\/doc\/UNDOC\/GEN\/N16\/241\/09\/PDF\/N1624109.pdf?OpenElement\">Rapporteur sp\u00e9cial<\/a>\u00a0sur les droits des peuples autochtones et le\u00a0<a href=\"https:\/\/documents-dds-ny.un.org\/doc\/UNDOC\/GEN\/G17\/009\/97\/PDF\/G1700997.pdf?OpenElement\">Rapporteur sp\u00e9cial<\/a>\u00a0sur les droits de l\u2019homme et l\u2019environnement.<\/p>\n<p><strong>Trop c\u2019est trop<\/strong><\/p>\n<p>Travailler dans un environnement de r\u00e9alit\u00e9s politiques complexes implique de comprendre les nuances et de faire des compromis. FPP travaille avec des communaut\u00e9s dans des zones o\u00f9 WWF et MINFOF sont \u00e9galement actives, et FPP a aid\u00e9 les membres de communaut\u00e9s \u00e0 mettre en avant les inqui\u00e9tudes des peuples autochtones lors de rencontres avec ces acteurs. WWF est inform\u00e9 de la plupart des probl\u00e8mes et a montr\u00e9 une volont\u00e9 de principe \u00e0 discuter avec les communaut\u00e9s. En pratique, cependant, il en a \u00e9t\u00e9 autrement. Peut-\u00eatre par peur de briser sa \u00ab relation sp\u00e9ciale \u00bb avec MINFOF ou de manquer ses objectifs de projets, jusqu\u2019\u00e0 aujourd\u2019hui WWF continue de se mettre du c\u00f4t\u00e9 des officiels lorsqu\u2019ils sont en d\u00e9saccord avec les propositions faites par les communaut\u00e9s, ce qui se passe souvent.<\/p>\n<p>FPP continue\u00a0de croire qu\u2019un v\u00e9ritable engagement est la cl\u00e9 d\u2019une \u00e9volution, mais qu\u2019il doit y avoir des changements fondamentaux.<\/p>\n<p>La l\u00e9gislation sur les droits de l&rsquo;homme et la science de la conservation sont claires : nous devons aider les communaut\u00e9s \u00e0 conserver leurs terres, plut\u00f4t que de criminaliser leur pr\u00e9sence sur celles-ci. Le moment est venu pour les acteurs internationaux de la conservation de faire plus que faire semblant de s\u2019int\u00e9resser aux droits humains des peuples autochtones, et de s\u2019engager s\u00e9rieusement pour veiller \u00e0 ce qu\u2019ils soient mis en \u0153uvre dans le cadre de leurs programmes, ou refuser de s\u2019engager lorsque ce n\u2019est pas le cas.<\/p>\n<p><em>Cet article a initialement \u00e9t\u00e9 publi\u00e9 sur le site de Forest Peoples Programme\u00a0<\/em><a href=\"http:\/\/www.forestpeoples.org\/fr\/rights-based-conservation\/article-de-nouvelles\/2018\/plainte-abandonnee-mais-les-violations\"><em>ici<\/em><\/a><\/p>\n<\/div>\n<\/div>\n<\/div>\n<\/div>\n<\/div>\n<\/section>\n<\/div><\/div><\/div><\/div><\/div>\n","protected":false},"excerpt":{"rendered":"","protected":false},"author":1,"featured_media":4437,"comment_status":"open","ping_status":"open","sticky":false,"template":"","format":"standard","meta":{"_jetpack_memberships_contains_paid_content":false,"footnotes":""},"categories":[282],"tags":[101,28,35,100],"class_list":["post-5216","post","type-post","status-publish","format-standard","has-post-thumbnail","hentry","category-nos-partenaires","tag-baka","tag-cameroun","tag-conservation","tag-droits-humains"],"yoast_head":"<!-- This site is optimized with the Yoast SEO plugin v27.4 - https:\/\/yoast.com\/product\/yoast-seo-wordpress\/ -->\n<title>Plainte abandonn\u00e9e, mais les violations syst\u00e9matiques des droits humains continuent pour les communaut\u00e9s autochtones Baka du Cameroun - Well Grounded<\/title>\n<meta name=\"robots\" content=\"index, follow, max-snippet:-1, max-image-preview:large, max-video-preview:-1\" \/>\n<link rel=\"canonical\" href=\"https:\/\/well-grounded.org\/fr\/plainte-abandonnee-mais-les-violations-systematiques-des-droits-humains-continuent-pour-les-communautes-autochtones-baka-du-cameroun\/\" \/>\n<meta property=\"og:locale\" content=\"fr_FR\" \/>\n<meta property=\"og:type\" content=\"article\" \/>\n<meta property=\"og:title\" content=\"Plainte abandonn\u00e9e, mais les violations syst\u00e9matiques des droits humains continuent pour les communaut\u00e9s autochtones Baka du Cameroun - Well Grounded\" \/>\n<meta property=\"og:url\" content=\"https:\/\/well-grounded.org\/fr\/plainte-abandonnee-mais-les-violations-systematiques-des-droits-humains-continuent-pour-les-communautes-autochtones-baka-du-cameroun\/\" \/>\n<meta property=\"og:site_name\" content=\"Well Grounded\" \/>\n<meta property=\"article:published_time\" content=\"2018-03-15T15:19:51+00:00\" \/>\n<meta property=\"article:modified_time\" content=\"2022-06-29T14:22:25+00:00\" \/>\n<meta property=\"og:image\" content=\"https:\/\/i0.wp.com\/well-grounded.org\/wp-content\/uploads\/2022\/03\/forestpeoples.jpg?fit=767%2C575&ssl=1\" \/>\n\t<meta property=\"og:image:width\" content=\"767\" \/>\n\t<meta property=\"og:image:height\" content=\"575\" \/>\n\t<meta property=\"og:image:type\" content=\"image\/jpeg\" \/>\n<meta name=\"author\" content=\"admin\" \/>\n<meta name=\"twitter:card\" content=\"summary_large_image\" \/>\n<meta name=\"twitter:label1\" content=\"\u00c9crit par\" \/>\n\t<meta name=\"twitter:data1\" content=\"admin\" \/>\n\t<meta name=\"twitter:label2\" content=\"Dur\u00e9e de lecture estim\u00e9e\" \/>\n\t<meta name=\"twitter:data2\" content=\"15 minutes\" \/>\n<!-- \/ Yoast SEO plugin. -->","yoast_head_json":{"title":"Plainte abandonn\u00e9e, mais les violations syst\u00e9matiques des droits humains continuent pour les communaut\u00e9s autochtones Baka du Cameroun - Well Grounded","robots":{"index":"index","follow":"follow","max-snippet":"max-snippet:-1","max-image-preview":"max-image-preview:large","max-video-preview":"max-video-preview:-1"},"canonical":"https:\/\/well-grounded.org\/fr\/plainte-abandonnee-mais-les-violations-systematiques-des-droits-humains-continuent-pour-les-communautes-autochtones-baka-du-cameroun\/","og_locale":"fr_FR","og_type":"article","og_title":"Plainte abandonn\u00e9e, mais les violations syst\u00e9matiques des droits humains continuent pour les communaut\u00e9s autochtones Baka du Cameroun - Well Grounded","og_url":"https:\/\/well-grounded.org\/fr\/plainte-abandonnee-mais-les-violations-systematiques-des-droits-humains-continuent-pour-les-communautes-autochtones-baka-du-cameroun\/","og_site_name":"Well Grounded","article_published_time":"2018-03-15T15:19:51+00:00","article_modified_time":"2022-06-29T14:22:25+00:00","og_image":[{"width":767,"height":575,"url":"https:\/\/i0.wp.com\/well-grounded.org\/wp-content\/uploads\/2022\/03\/forestpeoples.jpg?fit=767%2C575&ssl=1","type":"image\/jpeg"}],"author":"admin","twitter_card":"summary_large_image","twitter_misc":{"\u00c9crit par":"admin","Dur\u00e9e de lecture estim\u00e9e":"15 minutes"},"schema":{"@context":"https:\/\/schema.org","@graph":[{"@type":"Article","@id":"https:\/\/well-grounded.org\/fr\/plainte-abandonnee-mais-les-violations-systematiques-des-droits-humains-continuent-pour-les-communautes-autochtones-baka-du-cameroun\/#article","isPartOf":{"@id":"https:\/\/well-grounded.org\/fr\/plainte-abandonnee-mais-les-violations-systematiques-des-droits-humains-continuent-pour-les-communautes-autochtones-baka-du-cameroun\/"},"author":{"name":"admin","@id":"https:\/\/well-grounded.org\/fr\/#\/schema\/person\/f20fe8e79d42d64d637f9f09bd10ee08"},"headline":"Plainte abandonn\u00e9e, mais les violations syst\u00e9matiques des droits humains continuent pour les communaut\u00e9s autochtones Baka du Cameroun","datePublished":"2018-03-15T15:19:51+00:00","dateModified":"2022-06-29T14:22:25+00:00","mainEntityOfPage":{"@id":"https:\/\/well-grounded.org\/fr\/plainte-abandonnee-mais-les-violations-systematiques-des-droits-humains-continuent-pour-les-communautes-autochtones-baka-du-cameroun\/"},"wordCount":2723,"commentCount":0,"publisher":{"@id":"https:\/\/well-grounded.org\/fr\/#organization"},"image":{"@id":"https:\/\/well-grounded.org\/fr\/plainte-abandonnee-mais-les-violations-systematiques-des-droits-humains-continuent-pour-les-communautes-autochtones-baka-du-cameroun\/#primaryimage"},"thumbnailUrl":"https:\/\/i0.wp.com\/well-grounded.org\/wp-content\/uploads\/2022\/03\/forestpeoples.jpg?fit=767%2C575&ssl=1","keywords":["Baka","Cameroun","conservation","droits humains"],"articleSection":["Nos partenaires"],"inLanguage":"fr-FR","potentialAction":[{"@type":"CommentAction","name":"Comment","target":["https:\/\/well-grounded.org\/fr\/plainte-abandonnee-mais-les-violations-systematiques-des-droits-humains-continuent-pour-les-communautes-autochtones-baka-du-cameroun\/#respond"]}]},{"@type":"WebPage","@id":"https:\/\/well-grounded.org\/fr\/plainte-abandonnee-mais-les-violations-systematiques-des-droits-humains-continuent-pour-les-communautes-autochtones-baka-du-cameroun\/","url":"https:\/\/well-grounded.org\/fr\/plainte-abandonnee-mais-les-violations-systematiques-des-droits-humains-continuent-pour-les-communautes-autochtones-baka-du-cameroun\/","name":"Plainte abandonn\u00e9e, mais les violations syst\u00e9matiques des droits humains continuent pour les communaut\u00e9s autochtones Baka du Cameroun - Well Grounded","isPartOf":{"@id":"https:\/\/well-grounded.org\/fr\/#website"},"primaryImageOfPage":{"@id":"https:\/\/well-grounded.org\/fr\/plainte-abandonnee-mais-les-violations-systematiques-des-droits-humains-continuent-pour-les-communautes-autochtones-baka-du-cameroun\/#primaryimage"},"image":{"@id":"https:\/\/well-grounded.org\/fr\/plainte-abandonnee-mais-les-violations-systematiques-des-droits-humains-continuent-pour-les-communautes-autochtones-baka-du-cameroun\/#primaryimage"},"thumbnailUrl":"https:\/\/i0.wp.com\/well-grounded.org\/wp-content\/uploads\/2022\/03\/forestpeoples.jpg?fit=767%2C575&ssl=1","datePublished":"2018-03-15T15:19:51+00:00","dateModified":"2022-06-29T14:22:25+00:00","breadcrumb":{"@id":"https:\/\/well-grounded.org\/fr\/plainte-abandonnee-mais-les-violations-systematiques-des-droits-humains-continuent-pour-les-communautes-autochtones-baka-du-cameroun\/#breadcrumb"},"inLanguage":"fr-FR","potentialAction":[{"@type":"ReadAction","target":["https:\/\/well-grounded.org\/fr\/plainte-abandonnee-mais-les-violations-systematiques-des-droits-humains-continuent-pour-les-communautes-autochtones-baka-du-cameroun\/"]}]},{"@type":"ImageObject","inLanguage":"fr-FR","@id":"https:\/\/well-grounded.org\/fr\/plainte-abandonnee-mais-les-violations-systematiques-des-droits-humains-continuent-pour-les-communautes-autochtones-baka-du-cameroun\/#primaryimage","url":"https:\/\/i0.wp.com\/well-grounded.org\/wp-content\/uploads\/2022\/03\/forestpeoples.jpg?fit=767%2C575&ssl=1","contentUrl":"https:\/\/i0.wp.com\/well-grounded.org\/wp-content\/uploads\/2022\/03\/forestpeoples.jpg?fit=767%2C575&ssl=1","width":767,"height":575},{"@type":"BreadcrumbList","@id":"https:\/\/well-grounded.org\/fr\/plainte-abandonnee-mais-les-violations-systematiques-des-droits-humains-continuent-pour-les-communautes-autochtones-baka-du-cameroun\/#breadcrumb","itemListElement":[{"@type":"ListItem","position":1,"name":"Home","item":"https:\/\/well-grounded.org\/fr\/"},{"@type":"ListItem","position":2,"name":"Plainte abandonn\u00e9e, mais les violations syst\u00e9matiques des droits humains continuent pour les communaut\u00e9s autochtones Baka du Cameroun"}]},{"@type":"WebSite","@id":"https:\/\/well-grounded.org\/fr\/#website","url":"https:\/\/well-grounded.org\/fr\/","name":"Well Grounded","description":"Empowering Civil Society","publisher":{"@id":"https:\/\/well-grounded.org\/fr\/#organization"},"potentialAction":[{"@type":"SearchAction","target":{"@type":"EntryPoint","urlTemplate":"https:\/\/well-grounded.org\/fr\/?s={search_term_string}"},"query-input":{"@type":"PropertyValueSpecification","valueRequired":true,"valueName":"search_term_string"}}],"inLanguage":"fr-FR"},{"@type":"Organization","@id":"https:\/\/well-grounded.org\/fr\/#organization","name":"Well Grounded","url":"https:\/\/well-grounded.org\/fr\/","logo":{"@type":"ImageObject","inLanguage":"fr-FR","@id":"https:\/\/well-grounded.org\/fr\/#\/schema\/logo\/image\/","url":"https:\/\/well-grounded.org\/wp-content\/uploads\/2022\/07\/Well-Grounded-Logo-with-tagline-no-Map.jpg","contentUrl":"https:\/\/well-grounded.org\/wp-content\/uploads\/2022\/07\/Well-Grounded-Logo-with-tagline-no-Map.jpg","width":1195,"height":809,"caption":"Well Grounded"},"image":{"@id":"https:\/\/well-grounded.org\/fr\/#\/schema\/logo\/image\/"}},{"@type":"Person","@id":"https:\/\/well-grounded.org\/fr\/#\/schema\/person\/f20fe8e79d42d64d637f9f09bd10ee08","name":"admin","image":{"@type":"ImageObject","inLanguage":"fr-FR","@id":"https:\/\/secure.gravatar.com\/avatar\/5496286fffac811aab67ce956df57577c44051ca9bb6f9b7d386353b0dd7a205?s=96&d=mm&r=g","url":"https:\/\/secure.gravatar.com\/avatar\/5496286fffac811aab67ce956df57577c44051ca9bb6f9b7d386353b0dd7a205?s=96&d=mm&r=g","contentUrl":"https:\/\/secure.gravatar.com\/avatar\/5496286fffac811aab67ce956df57577c44051ca9bb6f9b7d386353b0dd7a205?s=96&d=mm&r=g","caption":"admin"},"description":"This is a test of user profile update, using lea's picture and this text instead of an actual biography. Here is a new paragraph","url":"https:\/\/well-grounded.org\/fr\/author\/admin\/"}]}},"jetpack_featured_media_url":"https:\/\/i0.wp.com\/well-grounded.org\/wp-content\/uploads\/2022\/03\/forestpeoples.jpg?fit=767%2C575&ssl=1","jetpack_sharing_enabled":true,"_links":{"self":[{"href":"https:\/\/well-grounded.org\/fr\/wp-json\/wp\/v2\/posts\/5216","targetHints":{"allow":["GET"]}}],"collection":[{"href":"https:\/\/well-grounded.org\/fr\/wp-json\/wp\/v2\/posts"}],"about":[{"href":"https:\/\/well-grounded.org\/fr\/wp-json\/wp\/v2\/types\/post"}],"author":[{"embeddable":true,"href":"https:\/\/well-grounded.org\/fr\/wp-json\/wp\/v2\/users\/1"}],"replies":[{"embeddable":true,"href":"https:\/\/well-grounded.org\/fr\/wp-json\/wp\/v2\/comments?post=5216"}],"version-history":[{"count":0,"href":"https:\/\/well-grounded.org\/fr\/wp-json\/wp\/v2\/posts\/5216\/revisions"}],"wp:featuredmedia":[{"embeddable":true,"href":"https:\/\/well-grounded.org\/fr\/wp-json\/wp\/v2\/media\/4437"}],"wp:attachment":[{"href":"https:\/\/well-grounded.org\/fr\/wp-json\/wp\/v2\/media?parent=5216"}],"wp:term":[{"taxonomy":"category","embeddable":true,"href":"https:\/\/well-grounded.org\/fr\/wp-json\/wp\/v2\/categories?post=5216"},{"taxonomy":"post_tag","embeddable":true,"href":"https:\/\/well-grounded.org\/fr\/wp-json\/wp\/v2\/tags?post=5216"}],"curies":[{"name":"wp","href":"https:\/\/api.w.org\/{rel}","templated":true}]}}