{"id":5208,"date":"2015-06-08T19:10:36","date_gmt":"2015-06-08T19:10:36","guid":{"rendered":"https:\/\/well-grounded.org\/la-revelation-dun-praticien-du-developpement-organisationnel\/"},"modified":"2022-03-11T13:48:56","modified_gmt":"2022-03-11T13:48:56","slug":"la-revelation-dun-praticien-du-developpement-organisationnel","status":"publish","type":"post","link":"https:\/\/well-grounded.org\/fr\/la-revelation-dun-praticien-du-developpement-organisationnel\/","title":{"rendered":"La r\u00e9v\u00e9lation d\u2019un praticien du d\u00e9veloppement organisationnel"},"content":{"rendered":"<style type=\"text\/css\"><\/style>\n<section class=\"kc-elm kc-css-3889874 kc_row\">\n<div class=\"kc-row-container  kc-container\">\n<div class=\"kc-wrap-columns\">\n<div class=\"kc-elm kc-css-3460876 kc_col-sm-12 kc_column kc_col-sm-12\">\n<div class=\"kc-col-container\">\n<div class=\"kc-elm kc-css-1935171 kc_text_block\">\n<p>Avez-vous d\u00e9j\u00e0 eu une r\u00e9v\u00e9lation en \u00e9coutant un morceau qui d\u00e9crit exactement ce que vous ressentez\u00a0? Vous savez, cet instant o\u00f9 vous vous dites\u00a0: mais oui, c\u2019est \u00e7a\u00a0! Je sais ce que c\u2019est.<\/p>\n<p>Alors imaginez que les paroles ne disent pas seulement ce que vous ressentez, mais aussi votre fa\u00e7on de voir le monde, vos id\u00e9es sur la mani\u00e8re de s\u2019y prendre pour changer les choses, votre vision personnelle, vos valeurs. Vous allez me dire que cela ne doit pas arriver souvent. Peut-\u00eatre, mais attendez d&rsquo;avoir lu mon histoire.<\/p>\n<p>Je viens de l\u2019Afrique, plus pr\u00e9cis\u00e9ment de la R\u00e9publique d\u00e9mocratique du Congo (RDC). D\u2019un continent et d\u2019un pays qui ont connu et qui continuent de conna\u00eetre les affres de la pauvret\u00e9, de la maladie, des conflits et des catastrophes naturelles. D\u2019\u00c9bola en Afrique de l\u2019Ouest, \u00e0 l\u2019explosion du lac Nyos, en passant par les six millions de victimes du conflit qui a d\u00e9chir\u00e9 la RDC, les migrants qui prennent la mer au p\u00e9ril de leur vie pour \u00e9chapper \u00e0 la guerre civile, les inondations d\u00e9vastatrices au Malawi\u00a0: le tableau semble n&rsquo;offrir aucun espoir.<\/p>\n<p>Et pourtant, la bravoure, le courage et la d\u00e9termination des habitants de mon continent n\u2019ont rien \u00e0 envier \u00e0 ceux des gens que j\u2019ai pu rencontrer ailleurs. Ces hommes et ces femmes se d\u00e9m\u00e8nent pour changer le cours des choses et la destin\u00e9e du continent. Pendant des ann\u00e9es, j\u2019ai apport\u00e9 ma pierre \u00e0 ce changement par toutes petites touches\u00a0: j\u2019ai enseign\u00e9, parrain\u00e9 des jeunes, contribu\u00e9 \u00e0 r\u00e9soudre des conflits relationnels, accompagn\u00e9 de jeunes entrepreneurs et collabor\u00e9 avec des associations ax\u00e9es sur la communaut\u00e9 locale, et des peuples autochtones.<\/p>\n<p>J&rsquo;ai essay\u00e9 d&rsquo;agir pour changer les choses \u00e0 un certain niveau, mais je savais que je me dispersais. C\u2019est que je n\u2019y pouvais rien\u00a0: je m&rsquo;\u00e9parpillais parce que je porte le fardeau du retard de d\u00e9veloppement de mon pays et de mon continent, et de l&rsquo;immense effort \u00e0 fournir pour changer durablement les choses pour mon peuple. Je ne me suis jamais arr\u00eat\u00e9\u00a0; j\u2019ai continu\u00e9 \u00e0 travailler au plus pr\u00e8s des collectivit\u00e9s et des petites organisations de la r\u00e9gion des Grands Lacs en Afrique, tout en essayant de comprendre comment j\u2019allais parvenir \u00e0 canaliser mon \u00e9nergie et concr\u00e9tiser ma passion pour le changement \u00e0 l\u2019\u00e9chelon local.<\/p>\n<p>Puis en 2014, j\u2019ai rencontr\u00e9 Well Grounded. Ils recherchaient un praticien passionn\u00e9 par le d\u00e9veloppement organisationnel pour renforcer leur \u00e9quipe. Les expressions \u00ab\u00a0passionn\u00e9\u00a0\u00bb et \u00ab\u00a0occasion de travailler dans le bassin du Congo\u00a0\u00bb me parlaient, mais le terme \u00ab\u00a0praticien du d\u00e9veloppement organisationnel\u00a0\u00bb moins. J\u2019ai pens\u00e9 que c\u2019\u00e9tait du jargon technique que l\u2019on entend \u00e0 l\u2019universit\u00e9, dans les associations sans but lucratif et la sph\u00e8re des ONG internationales (ONGI). \u00c7a ne m&#8217;emballait pas vraiment\u00a0! (<em>et dire que je viens d&rsquo;\u00e9crire ONGI\u00a0!<\/em>).<\/p>\n<p>Puis, quand j\u2019ai lu la description du poste avant d\u2019envoyer ma candidature, je me suis aper\u00e7u que le langage m&rsquo;\u00e9tait familier, que les valeurs entraient directement en r\u00e9sonance avec les miennes, et que l&rsquo;approche ressemblait \u00e0 une version plus aboutie du travail que je faisais depuis de longues ann\u00e9es. Si ce terme \u00ab\u00a0praticien du d\u00e9veloppement organisationnel\u00a0\u00bb continuait \u00e0 me d\u00e9ranger, il y avait une phrase de la description de poste qui m\u2019enthousiasmait\u00a0: \u00ab\u00a0accompagne les organisations locales africaines dans l\u2019accomplissement de leurs objectifs, le renforcement de leurs capacit\u00e9s, de la fa\u00e7on qui leur convient.\u00a0\u00bb C\u2019est l\u00e0 que j\u2019ai eu ma r\u00e9v\u00e9lation. Comme je l\u2019ai d\u00e9j\u00e0 dit, c\u2019\u00e9tait comme quand un DJ passe un morceau qui d\u00e9crit exactement ce que vous ressentez.<\/p>\n<p>Une flamme s\u2019est allum\u00e9e en moi\u00a0! J&rsquo;ai travaill\u00e9 corps et \u00e2me \u00e0 ma candidature, avec ma t\u00eate aussi, et j&rsquo;ai eu la chance d&rsquo;\u00eatre choisi pour rejoindre l\u2019\u00e9quipe de Well Grounded \u00e0 Yaound\u00e9. Une fois int\u00e9gr\u00e9, mes coll\u00e8gues m\u2019ont pr\u00e9sent\u00e9 leur fa\u00e7on de travailler, et puis j\u2019ai commenc\u00e9 \u00e0 vraiment comprendre ce que cela voulait dire d\u2019\u00eatre un \u00ab\u00a0praticien du d\u00e9veloppement organisationnel\u00a0\u00bb.<\/p>\n<p>Pendant mes trois premiers mois \u00e0 ce poste, j\u2019ai retrouv\u00e9 ce qui m&rsquo;avait d&rsquo;abord attir\u00e9 chez Well Grounded\u00a0: le soutien des organisations locales (et en m\u00eame temps, des collectivit\u00e9s aupr\u00e8s de qui elles interviennent) qui s\u2019efforcent de renforcer leur identit\u00e9, leur strat\u00e9gie et leur structure, avec comme seule motivation la volont\u00e9 d&rsquo;aider les organisations de la soci\u00e9t\u00e9 civile de la r\u00e9gion du bassin du Congo \u00e0 influer davantage sur le cours des choses.\u00a0 Ce qui correspond parfaitement \u00e0 mes valeurs personnelles, et apporte une coh\u00e9rence \u00e0 mes activit\u00e9s dispers\u00e9es visant \u00e0 autonomiser les collectivit\u00e9s et organisations locales. J\u2019ai trouv\u00e9 la fonction id\u00e9ale qui me permet de r\u00e9aliser ma vision personnelle et me donne l&rsquo;occasion de travailler aux c\u00f4t\u00e9s de belles personnes avec la m\u00eame sensibilit\u00e9. J\u2019ai trouv\u00e9 une fa\u00e7on efficace de contribuer aux activit\u00e9s de centaines d&rsquo;autres militants qui sont le moteur de la transformation du continent en faveur de son d\u00e9veloppement, de son environnement et de sa population.<\/p>\n<p>Je me rends compte que le d\u00e9veloppement organisationnel est un ensemble d&rsquo;outils et une m\u00e9thode d&rsquo;autonomisation des organisations de la soci\u00e9t\u00e9 civile, un processus de changement qui repose sur les personnes qui sont les v\u00e9ritables sp\u00e9cialistes\u00a0: les acteurs \u00e0 l\u2019\u00e9chelon local et les animateurs de la soci\u00e9t\u00e9 civile. En \u00e9tant praticien du d\u00e9veloppement organisationnel, j&rsquo;ai appris \u00e0 canaliser mon \u00e9nergie et focaliser ma passion au service du renforcement des capacit\u00e9s d\u2019autonomisation des collectivit\u00e9s.<\/p>\n<p>Merci madame la DJ d\u2019avoir pass\u00e9 mon morceau\u00a0!<\/p>\n<\/div>\n<\/div>\n<\/div>\n<\/div>\n<\/div>\n<\/section>\n","protected":false},"excerpt":{"rendered":"<p>Avez-vous d\u00e9j\u00e0 eu une r\u00e9v\u00e9lation en \u00e9coutant un morceau qui d\u00e9crit exactement ce que vous ressentez\u00a0? Vous savez, cet instant o\u00f9 vous vous dites\u00a0: mais oui, c\u2019est \u00e7a\u00a0! Je sais ce que c\u2019est. Alors imaginez que les paroles ne disent pas seulement ce que vous ressentez, mais aussi votre fa\u00e7on de voir le monde, vos id\u00e9es sur la mani\u00e8re de s\u2019y prendre pour changer les choses, votre vision personnelle, vos valeurs. Vous allez me dire que cela ne doit pas arriver souvent. Peut-\u00eatre, mais attendez d&rsquo;avoir lu mon histoire. Je viens de l\u2019Afrique, plus pr\u00e9cis\u00e9ment de la R\u00e9publique d\u00e9mocratique du Congo <a href=\"https:\/\/well-grounded.org\/fr\/la-revelation-dun-praticien-du-developpement-organisationnel\/\"> [&#8230;]<\/a><\/p>\n","protected":false},"author":1,"featured_media":4413,"comment_status":"open","ping_status":"open","sticky":false,"template":"","format":"standard","meta":{"_jetpack_memberships_contains_paid_content":false,"footnotes":""},"categories":[279,284],"tags":[],"class_list":["post-5208","post","type-post","status-publish","format-standard","has-post-thumbnail","hentry","category-developpement-organisationnel","category-temoignages-du-terrain"],"yoast_head":"<!-- This site is optimized with the Yoast SEO plugin v27.4 - https:\/\/yoast.com\/product\/yoast-seo-wordpress\/ -->\n<title>La r\u00e9v\u00e9lation d\u2019un praticien du d\u00e9veloppement organisationnel - Well Grounded<\/title>\n<meta name=\"robots\" content=\"index, follow, max-snippet:-1, max-image-preview:large, max-video-preview:-1\" \/>\n<link rel=\"canonical\" href=\"https:\/\/well-grounded.org\/fr\/la-revelation-dun-praticien-du-developpement-organisationnel\/\" \/>\n<meta property=\"og:locale\" content=\"fr_FR\" \/>\n<meta property=\"og:type\" content=\"article\" \/>\n<meta property=\"og:title\" content=\"La r\u00e9v\u00e9lation d\u2019un praticien du d\u00e9veloppement organisationnel - Well Grounded\" \/>\n<meta property=\"og:description\" content=\"Avez-vous d\u00e9j\u00e0 eu une r\u00e9v\u00e9lation en \u00e9coutant un morceau qui d\u00e9crit exactement ce que vous ressentez\u00a0? Vous savez, cet instant o\u00f9 vous vous dites\u00a0: mais oui, c\u2019est \u00e7a\u00a0! Je sais ce que c\u2019est. Alors imaginez que les paroles ne disent pas seulement ce que vous ressentez, mais aussi votre fa\u00e7on de voir le monde, vos id\u00e9es sur la mani\u00e8re de s\u2019y prendre pour changer les choses, votre vision personnelle, vos valeurs. Vous allez me dire que cela ne doit pas arriver souvent. Peut-\u00eatre, mais attendez d&rsquo;avoir lu mon histoire. Je viens de l\u2019Afrique, plus pr\u00e9cis\u00e9ment de la R\u00e9publique d\u00e9mocratique du Congo [...]\" \/>\n<meta property=\"og:url\" content=\"https:\/\/well-grounded.org\/fr\/la-revelation-dun-praticien-du-developpement-organisationnel\/\" \/>\n<meta property=\"og:site_name\" content=\"Well Grounded\" \/>\n<meta property=\"article:published_time\" content=\"2015-06-08T19:10:36+00:00\" \/>\n<meta property=\"article:modified_time\" content=\"2022-03-11T13:48:56+00:00\" \/>\n<meta property=\"og:image\" content=\"https:\/\/i0.wp.com\/well-grounded.org\/wp-content\/uploads\/2022\/03\/dsc_0016_-_version_4.jpeg?fit=1183%2C784&ssl=1\" \/>\n\t<meta property=\"og:image:width\" content=\"1183\" \/>\n\t<meta property=\"og:image:height\" content=\"784\" \/>\n\t<meta property=\"og:image:type\" content=\"image\/jpeg\" \/>\n<meta name=\"author\" content=\"admin\" \/>\n<meta name=\"twitter:card\" content=\"summary_large_image\" \/>\n<meta name=\"twitter:label1\" content=\"\u00c9crit par\" \/>\n\t<meta name=\"twitter:data1\" content=\"admin\" \/>\n\t<meta name=\"twitter:label2\" content=\"Dur\u00e9e de lecture estim\u00e9e\" \/>\n\t<meta name=\"twitter:data2\" content=\"15 minutes\" \/>\n<!-- \/ Yoast SEO plugin. -->","yoast_head_json":{"title":"La r\u00e9v\u00e9lation d\u2019un praticien du d\u00e9veloppement organisationnel - Well Grounded","robots":{"index":"index","follow":"follow","max-snippet":"max-snippet:-1","max-image-preview":"max-image-preview:large","max-video-preview":"max-video-preview:-1"},"canonical":"https:\/\/well-grounded.org\/fr\/la-revelation-dun-praticien-du-developpement-organisationnel\/","og_locale":"fr_FR","og_type":"article","og_title":"La r\u00e9v\u00e9lation d\u2019un praticien du d\u00e9veloppement organisationnel - Well Grounded","og_description":"Avez-vous d\u00e9j\u00e0 eu une r\u00e9v\u00e9lation en \u00e9coutant un morceau qui d\u00e9crit exactement ce que vous ressentez\u00a0? Vous savez, cet instant o\u00f9 vous vous dites\u00a0: mais oui, c\u2019est \u00e7a\u00a0! Je sais ce que c\u2019est. Alors imaginez que les paroles ne disent pas seulement ce que vous ressentez, mais aussi votre fa\u00e7on de voir le monde, vos id\u00e9es sur la mani\u00e8re de s\u2019y prendre pour changer les choses, votre vision personnelle, vos valeurs. Vous allez me dire que cela ne doit pas arriver souvent. Peut-\u00eatre, mais attendez d&rsquo;avoir lu mon histoire. Je viens de l\u2019Afrique, plus pr\u00e9cis\u00e9ment de la R\u00e9publique d\u00e9mocratique du Congo [...]","og_url":"https:\/\/well-grounded.org\/fr\/la-revelation-dun-praticien-du-developpement-organisationnel\/","og_site_name":"Well Grounded","article_published_time":"2015-06-08T19:10:36+00:00","article_modified_time":"2022-03-11T13:48:56+00:00","og_image":[{"width":1183,"height":784,"url":"https:\/\/i0.wp.com\/well-grounded.org\/wp-content\/uploads\/2022\/03\/dsc_0016_-_version_4.jpeg?fit=1183%2C784&ssl=1","type":"image\/jpeg"}],"author":"admin","twitter_card":"summary_large_image","twitter_misc":{"\u00c9crit par":"admin","Dur\u00e9e de lecture estim\u00e9e":"15 minutes"},"schema":{"@context":"https:\/\/schema.org","@graph":[{"@type":"Article","@id":"https:\/\/well-grounded.org\/fr\/la-revelation-dun-praticien-du-developpement-organisationnel\/#article","isPartOf":{"@id":"https:\/\/well-grounded.org\/fr\/la-revelation-dun-praticien-du-developpement-organisationnel\/"},"author":{"name":"admin","@id":"https:\/\/well-grounded.org\/fr\/#\/schema\/person\/f20fe8e79d42d64d637f9f09bd10ee08"},"headline":"La r\u00e9v\u00e9lation d\u2019un praticien du d\u00e9veloppement organisationnel","datePublished":"2015-06-08T19:10:36+00:00","dateModified":"2022-03-11T13:48:56+00:00","mainEntityOfPage":{"@id":"https:\/\/well-grounded.org\/fr\/la-revelation-dun-praticien-du-developpement-organisationnel\/"},"wordCount":1004,"commentCount":0,"publisher":{"@id":"https:\/\/well-grounded.org\/fr\/#organization"},"image":{"@id":"https:\/\/well-grounded.org\/fr\/la-revelation-dun-praticien-du-developpement-organisationnel\/#primaryimage"},"thumbnailUrl":"https:\/\/i0.wp.com\/well-grounded.org\/wp-content\/uploads\/2022\/03\/dsc_0016_-_version_4.jpeg?fit=1183%2C784&ssl=1","articleSection":["D\u00e9veloppement Organisationnel","T\u00e9moignages du terrain"],"inLanguage":"fr-FR","potentialAction":[{"@type":"CommentAction","name":"Comment","target":["https:\/\/well-grounded.org\/fr\/la-revelation-dun-praticien-du-developpement-organisationnel\/#respond"]}]},{"@type":"WebPage","@id":"https:\/\/well-grounded.org\/fr\/la-revelation-dun-praticien-du-developpement-organisationnel\/","url":"https:\/\/well-grounded.org\/fr\/la-revelation-dun-praticien-du-developpement-organisationnel\/","name":"La r\u00e9v\u00e9lation d\u2019un praticien du d\u00e9veloppement organisationnel - Well Grounded","isPartOf":{"@id":"https:\/\/well-grounded.org\/fr\/#website"},"primaryImageOfPage":{"@id":"https:\/\/well-grounded.org\/fr\/la-revelation-dun-praticien-du-developpement-organisationnel\/#primaryimage"},"image":{"@id":"https:\/\/well-grounded.org\/fr\/la-revelation-dun-praticien-du-developpement-organisationnel\/#primaryimage"},"thumbnailUrl":"https:\/\/i0.wp.com\/well-grounded.org\/wp-content\/uploads\/2022\/03\/dsc_0016_-_version_4.jpeg?fit=1183%2C784&ssl=1","datePublished":"2015-06-08T19:10:36+00:00","dateModified":"2022-03-11T13:48:56+00:00","breadcrumb":{"@id":"https:\/\/well-grounded.org\/fr\/la-revelation-dun-praticien-du-developpement-organisationnel\/#breadcrumb"},"inLanguage":"fr-FR","potentialAction":[{"@type":"ReadAction","target":["https:\/\/well-grounded.org\/fr\/la-revelation-dun-praticien-du-developpement-organisationnel\/"]}]},{"@type":"ImageObject","inLanguage":"fr-FR","@id":"https:\/\/well-grounded.org\/fr\/la-revelation-dun-praticien-du-developpement-organisationnel\/#primaryimage","url":"https:\/\/i0.wp.com\/well-grounded.org\/wp-content\/uploads\/2022\/03\/dsc_0016_-_version_4.jpeg?fit=1183%2C784&ssl=1","contentUrl":"https:\/\/i0.wp.com\/well-grounded.org\/wp-content\/uploads\/2022\/03\/dsc_0016_-_version_4.jpeg?fit=1183%2C784&ssl=1","width":1183,"height":784},{"@type":"BreadcrumbList","@id":"https:\/\/well-grounded.org\/fr\/la-revelation-dun-praticien-du-developpement-organisationnel\/#breadcrumb","itemListElement":[{"@type":"ListItem","position":1,"name":"Home","item":"https:\/\/well-grounded.org\/fr\/"},{"@type":"ListItem","position":2,"name":"La r\u00e9v\u00e9lation d\u2019un praticien du d\u00e9veloppement organisationnel"}]},{"@type":"WebSite","@id":"https:\/\/well-grounded.org\/fr\/#website","url":"https:\/\/well-grounded.org\/fr\/","name":"Well Grounded","description":"Empowering Civil Society","publisher":{"@id":"https:\/\/well-grounded.org\/fr\/#organization"},"potentialAction":[{"@type":"SearchAction","target":{"@type":"EntryPoint","urlTemplate":"https:\/\/well-grounded.org\/fr\/?s={search_term_string}"},"query-input":{"@type":"PropertyValueSpecification","valueRequired":true,"valueName":"search_term_string"}}],"inLanguage":"fr-FR"},{"@type":"Organization","@id":"https:\/\/well-grounded.org\/fr\/#organization","name":"Well Grounded","url":"https:\/\/well-grounded.org\/fr\/","logo":{"@type":"ImageObject","inLanguage":"fr-FR","@id":"https:\/\/well-grounded.org\/fr\/#\/schema\/logo\/image\/","url":"https:\/\/well-grounded.org\/wp-content\/uploads\/2022\/07\/Well-Grounded-Logo-with-tagline-no-Map.jpg","contentUrl":"https:\/\/well-grounded.org\/wp-content\/uploads\/2022\/07\/Well-Grounded-Logo-with-tagline-no-Map.jpg","width":1195,"height":809,"caption":"Well Grounded"},"image":{"@id":"https:\/\/well-grounded.org\/fr\/#\/schema\/logo\/image\/"}},{"@type":"Person","@id":"https:\/\/well-grounded.org\/fr\/#\/schema\/person\/f20fe8e79d42d64d637f9f09bd10ee08","name":"admin","image":{"@type":"ImageObject","inLanguage":"fr-FR","@id":"https:\/\/secure.gravatar.com\/avatar\/5496286fffac811aab67ce956df57577c44051ca9bb6f9b7d386353b0dd7a205?s=96&d=mm&r=g","url":"https:\/\/secure.gravatar.com\/avatar\/5496286fffac811aab67ce956df57577c44051ca9bb6f9b7d386353b0dd7a205?s=96&d=mm&r=g","contentUrl":"https:\/\/secure.gravatar.com\/avatar\/5496286fffac811aab67ce956df57577c44051ca9bb6f9b7d386353b0dd7a205?s=96&d=mm&r=g","caption":"admin"},"description":"This is a test of user profile update, using lea's picture and this text instead of an actual biography. Here is a new paragraph","url":"https:\/\/well-grounded.org\/fr\/author\/admin\/"}]}},"jetpack_featured_media_url":"https:\/\/i0.wp.com\/well-grounded.org\/wp-content\/uploads\/2022\/03\/dsc_0016_-_version_4.jpeg?fit=1183%2C784&ssl=1","jetpack_sharing_enabled":true,"_links":{"self":[{"href":"https:\/\/well-grounded.org\/fr\/wp-json\/wp\/v2\/posts\/5208","targetHints":{"allow":["GET"]}}],"collection":[{"href":"https:\/\/well-grounded.org\/fr\/wp-json\/wp\/v2\/posts"}],"about":[{"href":"https:\/\/well-grounded.org\/fr\/wp-json\/wp\/v2\/types\/post"}],"author":[{"embeddable":true,"href":"https:\/\/well-grounded.org\/fr\/wp-json\/wp\/v2\/users\/1"}],"replies":[{"embeddable":true,"href":"https:\/\/well-grounded.org\/fr\/wp-json\/wp\/v2\/comments?post=5208"}],"version-history":[{"count":0,"href":"https:\/\/well-grounded.org\/fr\/wp-json\/wp\/v2\/posts\/5208\/revisions"}],"wp:featuredmedia":[{"embeddable":true,"href":"https:\/\/well-grounded.org\/fr\/wp-json\/wp\/v2\/media\/4413"}],"wp:attachment":[{"href":"https:\/\/well-grounded.org\/fr\/wp-json\/wp\/v2\/media?parent=5208"}],"wp:term":[{"taxonomy":"category","embeddable":true,"href":"https:\/\/well-grounded.org\/fr\/wp-json\/wp\/v2\/categories?post=5208"},{"taxonomy":"post_tag","embeddable":true,"href":"https:\/\/well-grounded.org\/fr\/wp-json\/wp\/v2\/tags?post=5208"}],"curies":[{"name":"wp","href":"https:\/\/api.w.org\/{rel}","templated":true}]}}