{"id":5205,"date":"2015-10-07T18:51:41","date_gmt":"2015-10-07T18:51:41","guid":{"rendered":"https:\/\/well-grounded.org\/renforcer-la-place-de-la-justice-sociale-et-environnementale-au-coeur-du-developpement\/"},"modified":"2022-03-11T13:48:55","modified_gmt":"2022-03-11T13:48:55","slug":"renforcer-la-place-de-la-justice-sociale-et-environnementale-au-coeur-du-developpement","status":"publish","type":"post","link":"https:\/\/well-grounded.org\/fr\/renforcer-la-place-de-la-justice-sociale-et-environnementale-au-coeur-du-developpement\/","title":{"rendered":"Renforcer la place de la justice sociale et environnementale au c\u0153ur du d\u00e9veloppement"},"content":{"rendered":"<style type=\"text\/css\"><\/style>\n<section class=\"kc-elm kc-css-4187014 kc_row\">\n<div class=\"kc-row-container  kc-container\">\n<div class=\"kc-wrap-columns\">\n<div class=\"kc-elm kc-css-1235867 kc_col-sm-12 kc_column kc_col-sm-12\">\n<div class=\"kc-col-container\">\n<div class=\"kc-elm kc-css-1048413 kc_text_block\">\n<p>Je m&rsquo;appelle Wirsiy Emmanuel Binyuy et je travaille pour l&rsquo;association \u00e0 but non lucratif Cameroon Gender and Environment Watch (CAMGEW), bas\u00e9e \u00e0 Oku, au Cameroun. Les activit\u00e9s de CAMGEW visent la pr\u00e9servation de l&rsquo;environnement afin que les populations puissent vivre dans un monde exempt de pauvret\u00e9 et d&rsquo;in\u00e9galit\u00e9 entre les sexes. CAMGEW \u0153uvre en faveur de la conservation des for\u00eats, de l&rsquo;\u00e9ducation en mati\u00e8re d&rsquo;environnement, de l&rsquo;apiculture, de l&rsquo;agroforesterie et des \u00e9co-entreprises comme la formation professionnelle et les programmes de microcr\u00e9dit consacr\u00e9s aux femmes. Les communaut\u00e9s rurales affichant un taux de pauvret\u00e9 \u00e9lev\u00e9 et o\u00f9 les d\u00e9bouch\u00e9s professionnels sont rares participent \u00e0 nos travaux. Les femmes sont davantage touch\u00e9es par ces probl\u00e8mes. Je me penche sur les questions environnementales au Cameroun depuis 15 ans.<\/p>\n<p>Du 23 au 25 septembre dernier, j&rsquo;ai particip\u00e9 \u00e0 un atelier de r\u00e9flexion organis\u00e9 par Well Grounded et l&rsquo;UICN, dont le but \u00e9tait d&rsquo;am\u00e9liorer la collaboration parmi les groupes de la soci\u00e9t\u00e9 civile et de consolider les relations qui lient ces groupes et les communaut\u00e9s qu&rsquo;ils repr\u00e9sentent ; je salue personnellement cette initiative.<\/p>\n<p>J&rsquo;y ai appris comment obtenir l&rsquo;adh\u00e9sion des communaut\u00e9s dans lesquelles je travaille. Du point de vue de mon r\u00f4le de dirigeant, l&rsquo;atelier m&rsquo;a aid\u00e9 \u00e0 comprendre les meilleures techniques et strat\u00e9gies qui permettent de r\u00e9unir les parties prenantes de la communaut\u00e9 pour d\u00e9battre des questions li\u00e9es aux for\u00eats. Les t\u00e9moignages utiles d&rsquo;autres organisations nationales et internationales m&rsquo;ont appris comment provoquer le changement que je recherche pour les communaut\u00e9s dans lesquelles CAMGEW \u00e9volue : Patrick SAIDI HEMEDI de l&rsquo;ONG Dynamique des Groupes des Peuples Autochtones (DGPA), en R\u00e9publique d\u00e9mocratique du Congo, a notamment expliqu\u00e9 comment impliquer les d\u00e9cideurs politiques tels que les parlementaires et faire en sorte que leurs d\u00e9cisions favorisent les communaut\u00e9s rurales.<\/p>\n<p>Les comp\u00e9tences que j&rsquo;ai acquises au cours de l&rsquo;atelier m&rsquo;ont appris \u00e0 perfectionner mes m\u00e9thodes de travail au sein de CAMGEW et \u00e0 mieux soutenir ma propre communaut\u00e9 et mon peuple (les Nso) en tant qu&rsquo;\u00e9lite. C&rsquo;est ce qui s&rsquo;est produit dans la campagne dirig\u00e9e par SAILD qui a entra\u00een\u00e9 l&rsquo;interdiction d&rsquo;importation de poulet congel\u00e9 au Cameroun : j&rsquo;ai appris que l&rsquo;union fait la force et que le travail d&rsquo;\u00e9quipe donne aux actions de niveau local une envergure mondiale dans la lutte contre les probl\u00e8mes li\u00e9s \u00e0 l&rsquo;environnement. D&rsquo;autres organisations ont pr\u00e9sent\u00e9 comment l&rsquo;esprit d&rsquo;\u00e9quipe ou l&rsquo;action concert\u00e9e leur ont permis d&rsquo;apporter le changement qu&rsquo;elles souhaitaient op\u00e9rer \u00e0 l&rsquo;\u00e9chelle locale, nationale et internationale.<\/p>\n<p>J&rsquo;ai quitt\u00e9 l&rsquo;atelier avec une confiance en moi renouvel\u00e9e et je suis d\u00e9sormais convaincu que le changement que je recherche pour ma communaut\u00e9 est possible si l&rsquo;on exploite le potentiel qui existe en moi et chez d&rsquo;autres participants. L&rsquo;atelier m&rsquo;a appris \u00e0 collaborer et \u00e0 \u00e9tablir des contacts et des partenariats qui m&rsquo;aideront \u00e0 apporter le changement que je recherche dans ma communaut\u00e9. Ces changements s&rsquo;inscrivent dans le r\u00eave que je d\u00e9cris ci-dessous. Les participants \u00e0 l&rsquo;atelier ont \u00e9t\u00e9 bien s\u00e9lectionn\u00e9s et j&rsquo;ai trouv\u00e9 tous les invit\u00e9s utiles ; c&rsquo;est la raison pour laquelle j&rsquo;ai conserv\u00e9 leurs coordonn\u00e9es, afin de pouvoir poursuivre nos \u00e9changes et d&rsquo;appliquer leurs connaissances dans le renforcement de ma communaut\u00e9.<\/p>\n<p>Je r\u00eave de d\u00e9velopper les communaut\u00e9s locales en collaboration avec les parties prenantes concern\u00e9es ainsi qu&rsquo;une communaut\u00e9 d&rsquo;OSC poss\u00e9dant les caract\u00e9ristiques suivantes :<\/p>\n<ul>\n<li>Une communaut\u00e9 o\u00f9 la justice sociale et environnementale sont plac\u00e9es au c\u0153ur du d\u00e9veloppement ;<\/li>\n<li>Une communaut\u00e9 qui b\u00e9n\u00e9ficie \u00e9quitablement des avantages associ\u00e9s \u00e0 leurs ressources naturelles et humaines ;<\/li>\n<li>Une communaut\u00e9 o\u00f9 toutes les parties prenantes participent \u00e0 la prise de d\u00e9cisions quant \u00e0 la protection des int\u00e9r\u00eats et des droits de ses membres, sans toutefois n\u00e9gliger la protection de l&rsquo;environnement ;<\/li>\n<li>Une communaut\u00e9 dont les membres sont en droit de mettre en cause toute action effectu\u00e9e par ses leaders, et une communaut\u00e9 qui obtient des r\u00e9ponses.<\/li>\n<\/ul>\n<p>J&rsquo;estime avoir contribu\u00e9 aux \u00e9changes tout au long de l&rsquo;atelier et je pense que mon exp\u00e9rience a servi \u00e0 d&rsquo;autres participants.<\/p>\n<\/div>\n<\/div>\n<\/div>\n<\/div>\n<\/div>\n<\/section>\n","protected":false},"excerpt":{"rendered":"<p>Je m&rsquo;appelle Wirsiy Emmanuel Binyuy et je travaille pour l&rsquo;association \u00e0 but non lucratif Cameroon Gender and Environment Watch (CAMGEW), bas\u00e9e \u00e0 Oku, au Cameroun. Les activit\u00e9s de CAMGEW visent la pr\u00e9servation de l&rsquo;environnement afin que les populations puissent vivre dans un monde exempt de pauvret\u00e9 et d&rsquo;in\u00e9galit\u00e9 entre les sexes. CAMGEW \u0153uvre en faveur de la conservation des for\u00eats, de l&rsquo;\u00e9ducation en mati\u00e8re d&rsquo;environnement, de l&rsquo;apiculture, de l&rsquo;agroforesterie et des \u00e9co-entreprises comme la formation professionnelle et les programmes de microcr\u00e9dit consacr\u00e9s aux femmes. Les communaut\u00e9s rurales affichant un taux de pauvret\u00e9 \u00e9lev\u00e9 et o\u00f9 les d\u00e9bouch\u00e9s professionnels sont rares participent <a href=\"https:\/\/well-grounded.org\/fr\/renforcer-la-place-de-la-justice-sociale-et-environnementale-au-coeur-du-developpement\/\"> [&#8230;]<\/a><\/p>\n","protected":false},"author":1,"featured_media":4404,"comment_status":"open","ping_status":"open","sticky":false,"template":"","format":"standard","meta":{"_jetpack_memberships_contains_paid_content":false,"footnotes":""},"categories":[281],"tags":[],"class_list":["post-5205","post","type-post","status-publish","format-standard","has-post-thumbnail","hentry","category-nos-clients"],"yoast_head":"<!-- This site is optimized with the Yoast SEO plugin v27.4 - https:\/\/yoast.com\/product\/yoast-seo-wordpress\/ -->\n<title>Renforcer la place de la justice sociale et environnementale au c\u0153ur du d\u00e9veloppement - Well Grounded<\/title>\n<meta name=\"robots\" content=\"index, follow, max-snippet:-1, max-image-preview:large, max-video-preview:-1\" \/>\n<link rel=\"canonical\" href=\"https:\/\/well-grounded.org\/fr\/renforcer-la-place-de-la-justice-sociale-et-environnementale-au-coeur-du-developpement\/\" \/>\n<meta property=\"og:locale\" content=\"fr_FR\" \/>\n<meta property=\"og:type\" content=\"article\" \/>\n<meta property=\"og:title\" content=\"Renforcer la place de la justice sociale et environnementale au c\u0153ur du d\u00e9veloppement - Well Grounded\" \/>\n<meta property=\"og:description\" content=\"Je m&rsquo;appelle Wirsiy Emmanuel Binyuy et je travaille pour l&rsquo;association \u00e0 but non lucratif Cameroon Gender and Environment Watch (CAMGEW), bas\u00e9e \u00e0 Oku, au Cameroun. Les activit\u00e9s de CAMGEW visent la pr\u00e9servation de l&rsquo;environnement afin que les populations puissent vivre dans un monde exempt de pauvret\u00e9 et d&rsquo;in\u00e9galit\u00e9 entre les sexes. CAMGEW \u0153uvre en faveur de la conservation des for\u00eats, de l&rsquo;\u00e9ducation en mati\u00e8re d&rsquo;environnement, de l&rsquo;apiculture, de l&rsquo;agroforesterie et des \u00e9co-entreprises comme la formation professionnelle et les programmes de microcr\u00e9dit consacr\u00e9s aux femmes. Les communaut\u00e9s rurales affichant un taux de pauvret\u00e9 \u00e9lev\u00e9 et o\u00f9 les d\u00e9bouch\u00e9s professionnels sont rares participent [...]\" \/>\n<meta property=\"og:url\" content=\"https:\/\/well-grounded.org\/fr\/renforcer-la-place-de-la-justice-sociale-et-environnementale-au-coeur-du-developpement\/\" \/>\n<meta property=\"og:site_name\" content=\"Well Grounded\" \/>\n<meta property=\"article:published_time\" content=\"2015-10-07T18:51:41+00:00\" \/>\n<meta property=\"article:modified_time\" content=\"2022-03-11T13:48:55+00:00\" \/>\n<meta property=\"og:image\" content=\"https:\/\/i0.wp.com\/well-grounded.org\/wp-content\/uploads\/2022\/03\/img_3839_0.jpg?fit=635%2C348&ssl=1\" \/>\n\t<meta property=\"og:image:width\" content=\"635\" \/>\n\t<meta property=\"og:image:height\" content=\"348\" \/>\n\t<meta property=\"og:image:type\" content=\"image\/jpeg\" \/>\n<meta name=\"author\" content=\"admin\" \/>\n<meta name=\"twitter:card\" content=\"summary_large_image\" \/>\n<meta name=\"twitter:label1\" content=\"\u00c9crit par\" \/>\n\t<meta name=\"twitter:data1\" content=\"admin\" \/>\n\t<meta name=\"twitter:label2\" content=\"Dur\u00e9e de lecture estim\u00e9e\" \/>\n\t<meta name=\"twitter:data2\" content=\"15 minutes\" \/>\n<!-- \/ Yoast SEO plugin. -->","yoast_head_json":{"title":"Renforcer la place de la justice sociale et environnementale au c\u0153ur du d\u00e9veloppement - Well Grounded","robots":{"index":"index","follow":"follow","max-snippet":"max-snippet:-1","max-image-preview":"max-image-preview:large","max-video-preview":"max-video-preview:-1"},"canonical":"https:\/\/well-grounded.org\/fr\/renforcer-la-place-de-la-justice-sociale-et-environnementale-au-coeur-du-developpement\/","og_locale":"fr_FR","og_type":"article","og_title":"Renforcer la place de la justice sociale et environnementale au c\u0153ur du d\u00e9veloppement - Well Grounded","og_description":"Je m&rsquo;appelle Wirsiy Emmanuel Binyuy et je travaille pour l&rsquo;association \u00e0 but non lucratif Cameroon Gender and Environment Watch (CAMGEW), bas\u00e9e \u00e0 Oku, au Cameroun. Les activit\u00e9s de CAMGEW visent la pr\u00e9servation de l&rsquo;environnement afin que les populations puissent vivre dans un monde exempt de pauvret\u00e9 et d&rsquo;in\u00e9galit\u00e9 entre les sexes. CAMGEW \u0153uvre en faveur de la conservation des for\u00eats, de l&rsquo;\u00e9ducation en mati\u00e8re d&rsquo;environnement, de l&rsquo;apiculture, de l&rsquo;agroforesterie et des \u00e9co-entreprises comme la formation professionnelle et les programmes de microcr\u00e9dit consacr\u00e9s aux femmes. Les communaut\u00e9s rurales affichant un taux de pauvret\u00e9 \u00e9lev\u00e9 et o\u00f9 les d\u00e9bouch\u00e9s professionnels sont rares participent [...]","og_url":"https:\/\/well-grounded.org\/fr\/renforcer-la-place-de-la-justice-sociale-et-environnementale-au-coeur-du-developpement\/","og_site_name":"Well Grounded","article_published_time":"2015-10-07T18:51:41+00:00","article_modified_time":"2022-03-11T13:48:55+00:00","og_image":[{"width":635,"height":348,"url":"https:\/\/i0.wp.com\/well-grounded.org\/wp-content\/uploads\/2022\/03\/img_3839_0.jpg?fit=635%2C348&ssl=1","type":"image\/jpeg"}],"author":"admin","twitter_card":"summary_large_image","twitter_misc":{"\u00c9crit par":"admin","Dur\u00e9e de lecture estim\u00e9e":"15 minutes"},"schema":{"@context":"https:\/\/schema.org","@graph":[{"@type":"Article","@id":"https:\/\/well-grounded.org\/fr\/renforcer-la-place-de-la-justice-sociale-et-environnementale-au-coeur-du-developpement\/#article","isPartOf":{"@id":"https:\/\/well-grounded.org\/fr\/renforcer-la-place-de-la-justice-sociale-et-environnementale-au-coeur-du-developpement\/"},"author":{"name":"admin","@id":"https:\/\/well-grounded.org\/fr\/#\/schema\/person\/f20fe8e79d42d64d637f9f09bd10ee08"},"headline":"Renforcer la place de la justice sociale et environnementale au c\u0153ur du d\u00e9veloppement","datePublished":"2015-10-07T18:51:41+00:00","dateModified":"2022-03-11T13:48:55+00:00","mainEntityOfPage":{"@id":"https:\/\/well-grounded.org\/fr\/renforcer-la-place-de-la-justice-sociale-et-environnementale-au-coeur-du-developpement\/"},"wordCount":762,"commentCount":0,"publisher":{"@id":"https:\/\/well-grounded.org\/fr\/#organization"},"image":{"@id":"https:\/\/well-grounded.org\/fr\/renforcer-la-place-de-la-justice-sociale-et-environnementale-au-coeur-du-developpement\/#primaryimage"},"thumbnailUrl":"https:\/\/i0.wp.com\/well-grounded.org\/wp-content\/uploads\/2022\/03\/img_3839_0.jpg?fit=635%2C348&ssl=1","articleSection":["Nos clients"],"inLanguage":"fr-FR","potentialAction":[{"@type":"CommentAction","name":"Comment","target":["https:\/\/well-grounded.org\/fr\/renforcer-la-place-de-la-justice-sociale-et-environnementale-au-coeur-du-developpement\/#respond"]}]},{"@type":"WebPage","@id":"https:\/\/well-grounded.org\/fr\/renforcer-la-place-de-la-justice-sociale-et-environnementale-au-coeur-du-developpement\/","url":"https:\/\/well-grounded.org\/fr\/renforcer-la-place-de-la-justice-sociale-et-environnementale-au-coeur-du-developpement\/","name":"Renforcer la place de la justice sociale et environnementale au c\u0153ur du d\u00e9veloppement - Well Grounded","isPartOf":{"@id":"https:\/\/well-grounded.org\/fr\/#website"},"primaryImageOfPage":{"@id":"https:\/\/well-grounded.org\/fr\/renforcer-la-place-de-la-justice-sociale-et-environnementale-au-coeur-du-developpement\/#primaryimage"},"image":{"@id":"https:\/\/well-grounded.org\/fr\/renforcer-la-place-de-la-justice-sociale-et-environnementale-au-coeur-du-developpement\/#primaryimage"},"thumbnailUrl":"https:\/\/i0.wp.com\/well-grounded.org\/wp-content\/uploads\/2022\/03\/img_3839_0.jpg?fit=635%2C348&ssl=1","datePublished":"2015-10-07T18:51:41+00:00","dateModified":"2022-03-11T13:48:55+00:00","breadcrumb":{"@id":"https:\/\/well-grounded.org\/fr\/renforcer-la-place-de-la-justice-sociale-et-environnementale-au-coeur-du-developpement\/#breadcrumb"},"inLanguage":"fr-FR","potentialAction":[{"@type":"ReadAction","target":["https:\/\/well-grounded.org\/fr\/renforcer-la-place-de-la-justice-sociale-et-environnementale-au-coeur-du-developpement\/"]}]},{"@type":"ImageObject","inLanguage":"fr-FR","@id":"https:\/\/well-grounded.org\/fr\/renforcer-la-place-de-la-justice-sociale-et-environnementale-au-coeur-du-developpement\/#primaryimage","url":"https:\/\/i0.wp.com\/well-grounded.org\/wp-content\/uploads\/2022\/03\/img_3839_0.jpg?fit=635%2C348&ssl=1","contentUrl":"https:\/\/i0.wp.com\/well-grounded.org\/wp-content\/uploads\/2022\/03\/img_3839_0.jpg?fit=635%2C348&ssl=1","width":635,"height":348},{"@type":"BreadcrumbList","@id":"https:\/\/well-grounded.org\/fr\/renforcer-la-place-de-la-justice-sociale-et-environnementale-au-coeur-du-developpement\/#breadcrumb","itemListElement":[{"@type":"ListItem","position":1,"name":"Home","item":"https:\/\/well-grounded.org\/fr\/"},{"@type":"ListItem","position":2,"name":"Renforcer la place de la justice sociale et environnementale au c\u0153ur du d\u00e9veloppement"}]},{"@type":"WebSite","@id":"https:\/\/well-grounded.org\/fr\/#website","url":"https:\/\/well-grounded.org\/fr\/","name":"Well Grounded","description":"Empowering Civil Society","publisher":{"@id":"https:\/\/well-grounded.org\/fr\/#organization"},"potentialAction":[{"@type":"SearchAction","target":{"@type":"EntryPoint","urlTemplate":"https:\/\/well-grounded.org\/fr\/?s={search_term_string}"},"query-input":{"@type":"PropertyValueSpecification","valueRequired":true,"valueName":"search_term_string"}}],"inLanguage":"fr-FR"},{"@type":"Organization","@id":"https:\/\/well-grounded.org\/fr\/#organization","name":"Well Grounded","url":"https:\/\/well-grounded.org\/fr\/","logo":{"@type":"ImageObject","inLanguage":"fr-FR","@id":"https:\/\/well-grounded.org\/fr\/#\/schema\/logo\/image\/","url":"https:\/\/well-grounded.org\/wp-content\/uploads\/2022\/07\/Well-Grounded-Logo-with-tagline-no-Map.jpg","contentUrl":"https:\/\/well-grounded.org\/wp-content\/uploads\/2022\/07\/Well-Grounded-Logo-with-tagline-no-Map.jpg","width":1195,"height":809,"caption":"Well Grounded"},"image":{"@id":"https:\/\/well-grounded.org\/fr\/#\/schema\/logo\/image\/"}},{"@type":"Person","@id":"https:\/\/well-grounded.org\/fr\/#\/schema\/person\/f20fe8e79d42d64d637f9f09bd10ee08","name":"admin","image":{"@type":"ImageObject","inLanguage":"fr-FR","@id":"https:\/\/secure.gravatar.com\/avatar\/5496286fffac811aab67ce956df57577c44051ca9bb6f9b7d386353b0dd7a205?s=96&d=mm&r=g","url":"https:\/\/secure.gravatar.com\/avatar\/5496286fffac811aab67ce956df57577c44051ca9bb6f9b7d386353b0dd7a205?s=96&d=mm&r=g","contentUrl":"https:\/\/secure.gravatar.com\/avatar\/5496286fffac811aab67ce956df57577c44051ca9bb6f9b7d386353b0dd7a205?s=96&d=mm&r=g","caption":"admin"},"description":"This is a test of user profile update, using lea's picture and this text instead of an actual biography. Here is a new paragraph","url":"https:\/\/well-grounded.org\/fr\/author\/admin\/"}]}},"jetpack_featured_media_url":"https:\/\/i0.wp.com\/well-grounded.org\/wp-content\/uploads\/2022\/03\/img_3839_0.jpg?fit=635%2C348&ssl=1","jetpack_sharing_enabled":true,"_links":{"self":[{"href":"https:\/\/well-grounded.org\/fr\/wp-json\/wp\/v2\/posts\/5205","targetHints":{"allow":["GET"]}}],"collection":[{"href":"https:\/\/well-grounded.org\/fr\/wp-json\/wp\/v2\/posts"}],"about":[{"href":"https:\/\/well-grounded.org\/fr\/wp-json\/wp\/v2\/types\/post"}],"author":[{"embeddable":true,"href":"https:\/\/well-grounded.org\/fr\/wp-json\/wp\/v2\/users\/1"}],"replies":[{"embeddable":true,"href":"https:\/\/well-grounded.org\/fr\/wp-json\/wp\/v2\/comments?post=5205"}],"version-history":[{"count":0,"href":"https:\/\/well-grounded.org\/fr\/wp-json\/wp\/v2\/posts\/5205\/revisions"}],"wp:featuredmedia":[{"embeddable":true,"href":"https:\/\/well-grounded.org\/fr\/wp-json\/wp\/v2\/media\/4404"}],"wp:attachment":[{"href":"https:\/\/well-grounded.org\/fr\/wp-json\/wp\/v2\/media?parent=5205"}],"wp:term":[{"taxonomy":"category","embeddable":true,"href":"https:\/\/well-grounded.org\/fr\/wp-json\/wp\/v2\/categories?post=5205"},{"taxonomy":"post_tag","embeddable":true,"href":"https:\/\/well-grounded.org\/fr\/wp-json\/wp\/v2\/tags?post=5205"}],"curies":[{"name":"wp","href":"https:\/\/api.w.org\/{rel}","templated":true}]}}