{"id":5203,"date":"2015-12-11T17:25:45","date_gmt":"2015-12-11T17:25:45","guid":{"rendered":"https:\/\/well-grounded.org\/pourquoi-les-communautes-finissent-souvent-par-perdre-leurs-terres-ou-forets-communautaires-ou-beneficier-moins-du-profit-de-lexploitation-des-ressources-naturelles\/"},"modified":"2022-03-11T13:48:55","modified_gmt":"2022-03-11T13:48:55","slug":"pourquoi-les-communautes-finissent-souvent-par-perdre-leurs-terres-ou-forets-communautaires-ou-beneficier-moins-du-profit-de-lexploitation-des-ressources-naturelles","status":"publish","type":"post","link":"https:\/\/well-grounded.org\/fr\/pourquoi-les-communautes-finissent-souvent-par-perdre-leurs-terres-ou-forets-communautaires-ou-beneficier-moins-du-profit-de-lexploitation-des-ressources-naturelles\/","title":{"rendered":"Pourquoi les communaut\u00e9s finissent souvent par perdre leurs terres ou for\u00eats communautaires ou b\u00e9n\u00e9ficier moins du profit de l\u2019exploitation des ressources naturelles?"},"content":{"rendered":"<style type=\"text\/css\"><\/style>\n<section class=\"kc-elm kc-css-4248809 kc_row\">\n<div class=\"kc-row-container  kc-container\">\n<div class=\"kc-wrap-columns\">\n<div class=\"kc-elm kc-css-4345719 kc_col-sm-12 kc_column kc_col-sm-12\">\n<div class=\"kc-col-container\">\n<div class=\"kc-elm kc-css-759865 kc_text_block\">\n<p>Il y a toujours des conflits autour des droits communautaires dans la gestion des ressources naturelles dus au fait que les compagnies et les communaut\u00e9s sont souvent en concurrence pour l\u2019acc\u00e8s \u00e0 et le contr\u00f4le des ressources naturelles. L\u2019exploitation d\u2019une ressource naturelle non utilis\u00e9e prive les communaut\u00e9s de l\u2019acc\u00e8s \u00e0 des espaces et \u00e0 des ressources sur lesquels ils d\u00e9pendent pour leur survie et bien-\u00eatre, et le partage des revenus est\u00a0presque toujours inexistant ou in\u00e9quitable.<\/p>\n<p>En Avril de cette ann\u00e9e j\u2019avais particip\u00e9 \u00e0 une conf\u00e9rence internationale de\u00a0<em>Gestion des Ressources Naturelles et Droits des Communaut\u00e9s au Cameroun<\/em>\u00a0organis\u00e9e par le Centre pour l\u2019Environnement et le D\u00e9veloppement (CED) \u00e0 Yaound\u00e9.<\/p>\n<p>Je venais pour la premi\u00e8re fois d\u2019assister \u00e0 un d\u00e9bat direct entres les majeures parties historiquement impliqu\u00e9es dans cette probl\u00e9matique au Cameroun. Il y avait un repr\u00e9sentant d\u2019une communaut\u00e9 autochtone\u00a0; des membres des organisations de la soci\u00e9t\u00e9 civile (OSC) qui aident et appuient les communaut\u00e9s autochtones entre autres \u00e0 faire valoir leurs droits vis-\u00e0-vis des exploitants, \u00e0 \u00eatre propri\u00e9taires des for\u00eats communautaires, leur apprennent \u00e0 comment d\u00e9noncer l\u2019exploitation abusive des for\u00eats communautaires et autres ressources naturelles, etc.\u00a0; et il y avait aussi un exploitant des for\u00eats communautaires.<\/p>\n<p>Le repr\u00e9sentant de la communaut\u00e9 se plaignait devant l\u2019assembl\u00e9e en disant que sa communaut\u00e9 a perdu tous les droits sur sa for\u00eat par la compagnie de l\u2019exploitant\u00a0; et ce dernier a expliqu\u00e9 que tous les accords ont \u00e9t\u00e9 pass\u00e9s de commun accord et en aucun cas ils n\u2019ont forc\u00e9 la communaut\u00e9 sur l\u2019exploitation de leurs terres.<\/p>\n<p>Je me suis pos\u00e9e r\u00e9ellement la question du r\u00f4le des OSC dans ce processus et je suis rest\u00e9e curieuse d\u2019entendre leurs r\u00e9actions par rapport \u00e0 \u00e7a.<\/p>\n<p>Les membres des OSC ont r\u00e9pondu que parfois lorsque le processus d\u2019acquisition d\u2019une for\u00eat par une communaut\u00e9 aboutisse \u00e0 sa fin, \u00e0 l\u2019arriv\u00e9e des exploitants, ils ne sont plus sollicit\u00e9s ni impliqu\u00e9s dans les n\u00e9gociations et la suite de la gestion de la for\u00eat communautaire. Et par la suite ces communaut\u00e9s ne sachant pas bien n\u00e9gocier leurs droits avec les exploitants et souvent se retrouvent d\u00e9poss\u00e9d\u00e9es de leurs terres.<\/p>\n<p>Cela soul\u00e8ve surement la question que tout le monde se pose sur ces conflits li\u00e9s \u00e0 l\u2019utilisation de la terre\u00a0: quels moyens et processus \u00e0 mettre en place pour que les communaut\u00e9s, les OSC, et les exploitants des ressources naturelles parviennent \u00e0 trouver un \u00e9quilibre permettant aux communaut\u00e9s de ne pas perdre leurs terres et de b\u00e9n\u00e9ficier \u00e9quitablement des revenus tir\u00e9s de ces exploitations\u00a0?<\/p>\n<p>Et la question que je n\u2019arr\u00eate pas de me poser est de savoir\u00a0: comment les OSC restent motiv\u00e9es et o\u00f9 puisent-elles le courage de continuer \u00e0 jouer le r\u00f4le de d\u00e9fendeurs des droits communautaires, quand ces communaut\u00e9s ne les impliquent pas dans tout le processus jusqu\u2019au bout\u00a0?<\/p>\n<p>Cela est une interpellation pour tous les adeptes de la justice sociale\u00a0: pour la justice sociale, nous devons tous rester motiv\u00e9s et engag\u00e9s quels que soient les obstacles et difficult\u00e9s, ne baissons pas les bras.<\/p>\n<\/div>\n<\/div>\n<\/div>\n<\/div>\n<\/div>\n<\/section>\n","protected":false},"excerpt":{"rendered":"<p>Il y a toujours des conflits autour des droits communautaires dans la gestion des ressources naturelles dus au fait que les compagnies et les communaut\u00e9s sont souvent en concurrence pour l\u2019acc\u00e8s \u00e0 et le contr\u00f4le des ressources naturelles. L\u2019exploitation d\u2019une ressource naturelle non utilis\u00e9e prive les communaut\u00e9s de l\u2019acc\u00e8s \u00e0 des espaces et \u00e0 des ressources sur lesquels ils d\u00e9pendent pour leur survie et bien-\u00eatre, et le partage des revenus est\u00a0presque toujours inexistant ou in\u00e9quitable. En Avril de cette ann\u00e9e j\u2019avais particip\u00e9 \u00e0 une conf\u00e9rence internationale de\u00a0Gestion des Ressources Naturelles et Droits des Communaut\u00e9s au Cameroun\u00a0organis\u00e9e par le Centre pour l\u2019Environnement <a href=\"https:\/\/well-grounded.org\/fr\/pourquoi-les-communautes-finissent-souvent-par-perdre-leurs-terres-ou-forets-communautaires-ou-beneficier-moins-du-profit-de-lexploitation-des-ressources-naturelles\/\"> [&#8230;]<\/a><\/p>\n","protected":false},"author":1,"featured_media":4398,"comment_status":"open","ping_status":"open","sticky":false,"template":"","format":"standard","meta":{"_jetpack_memberships_contains_paid_content":false,"footnotes":""},"categories":[284],"tags":[],"class_list":["post-5203","post","type-post","status-publish","format-standard","has-post-thumbnail","hentry","category-temoignages-du-terrain"],"yoast_head":"<!-- This site is optimized with the Yoast SEO plugin v27.4 - https:\/\/yoast.com\/product\/yoast-seo-wordpress\/ -->\n<title>Pourquoi les communaut\u00e9s finissent souvent par perdre leurs terres ou for\u00eats communautaires ou b\u00e9n\u00e9ficier moins du profit de l\u2019exploitation des ressources naturelles? - Well Grounded<\/title>\n<meta name=\"robots\" content=\"index, follow, max-snippet:-1, max-image-preview:large, max-video-preview:-1\" \/>\n<link rel=\"canonical\" href=\"https:\/\/well-grounded.org\/fr\/pourquoi-les-communautes-finissent-souvent-par-perdre-leurs-terres-ou-forets-communautaires-ou-beneficier-moins-du-profit-de-lexploitation-des-ressources-naturelles\/\" \/>\n<meta property=\"og:locale\" content=\"fr_FR\" \/>\n<meta property=\"og:type\" content=\"article\" \/>\n<meta property=\"og:title\" content=\"Pourquoi les communaut\u00e9s finissent souvent par perdre leurs terres ou for\u00eats communautaires ou b\u00e9n\u00e9ficier moins du profit de l\u2019exploitation des ressources naturelles? - Well Grounded\" \/>\n<meta property=\"og:description\" content=\"Il y a toujours des conflits autour des droits communautaires dans la gestion des ressources naturelles dus au fait que les compagnies et les communaut\u00e9s sont souvent en concurrence pour l\u2019acc\u00e8s \u00e0 et le contr\u00f4le des ressources naturelles. L\u2019exploitation d\u2019une ressource naturelle non utilis\u00e9e prive les communaut\u00e9s de l\u2019acc\u00e8s \u00e0 des espaces et \u00e0 des ressources sur lesquels ils d\u00e9pendent pour leur survie et bien-\u00eatre, et le partage des revenus est\u00a0presque toujours inexistant ou in\u00e9quitable. En Avril de cette ann\u00e9e j\u2019avais particip\u00e9 \u00e0 une conf\u00e9rence internationale de\u00a0Gestion des Ressources Naturelles et Droits des Communaut\u00e9s au Cameroun\u00a0organis\u00e9e par le Centre pour l\u2019Environnement [...]\" \/>\n<meta property=\"og:url\" content=\"https:\/\/well-grounded.org\/fr\/pourquoi-les-communautes-finissent-souvent-par-perdre-leurs-terres-ou-forets-communautaires-ou-beneficier-moins-du-profit-de-lexploitation-des-ressources-naturelles\/\" \/>\n<meta property=\"og:site_name\" content=\"Well Grounded\" \/>\n<meta property=\"article:published_time\" content=\"2015-12-11T17:25:45+00:00\" \/>\n<meta property=\"article:modified_time\" content=\"2022-03-11T13:48:55+00:00\" \/>\n<meta property=\"og:image\" content=\"https:\/\/i0.wp.com\/well-grounded.org\/wp-content\/uploads\/2022\/03\/foret_communautaire.jpg?fit=341%2C227&ssl=1\" \/>\n\t<meta property=\"og:image:width\" content=\"341\" \/>\n\t<meta property=\"og:image:height\" content=\"227\" \/>\n\t<meta property=\"og:image:type\" content=\"image\/jpeg\" \/>\n<meta name=\"author\" content=\"admin\" \/>\n<meta name=\"twitter:card\" content=\"summary_large_image\" \/>\n<meta name=\"twitter:label1\" content=\"\u00c9crit par\" \/>\n\t<meta name=\"twitter:data1\" content=\"admin\" \/>\n\t<meta name=\"twitter:label2\" content=\"Dur\u00e9e de lecture estim\u00e9e\" \/>\n\t<meta name=\"twitter:data2\" content=\"15 minutes\" \/>\n<!-- \/ Yoast SEO plugin. -->","yoast_head_json":{"title":"Pourquoi les communaut\u00e9s finissent souvent par perdre leurs terres ou for\u00eats communautaires ou b\u00e9n\u00e9ficier moins du profit de l\u2019exploitation des ressources naturelles? - Well Grounded","robots":{"index":"index","follow":"follow","max-snippet":"max-snippet:-1","max-image-preview":"max-image-preview:large","max-video-preview":"max-video-preview:-1"},"canonical":"https:\/\/well-grounded.org\/fr\/pourquoi-les-communautes-finissent-souvent-par-perdre-leurs-terres-ou-forets-communautaires-ou-beneficier-moins-du-profit-de-lexploitation-des-ressources-naturelles\/","og_locale":"fr_FR","og_type":"article","og_title":"Pourquoi les communaut\u00e9s finissent souvent par perdre leurs terres ou for\u00eats communautaires ou b\u00e9n\u00e9ficier moins du profit de l\u2019exploitation des ressources naturelles? - Well Grounded","og_description":"Il y a toujours des conflits autour des droits communautaires dans la gestion des ressources naturelles dus au fait que les compagnies et les communaut\u00e9s sont souvent en concurrence pour l\u2019acc\u00e8s \u00e0 et le contr\u00f4le des ressources naturelles. L\u2019exploitation d\u2019une ressource naturelle non utilis\u00e9e prive les communaut\u00e9s de l\u2019acc\u00e8s \u00e0 des espaces et \u00e0 des ressources sur lesquels ils d\u00e9pendent pour leur survie et bien-\u00eatre, et le partage des revenus est\u00a0presque toujours inexistant ou in\u00e9quitable. En Avril de cette ann\u00e9e j\u2019avais particip\u00e9 \u00e0 une conf\u00e9rence internationale de\u00a0Gestion des Ressources Naturelles et Droits des Communaut\u00e9s au Cameroun\u00a0organis\u00e9e par le Centre pour l\u2019Environnement [...]","og_url":"https:\/\/well-grounded.org\/fr\/pourquoi-les-communautes-finissent-souvent-par-perdre-leurs-terres-ou-forets-communautaires-ou-beneficier-moins-du-profit-de-lexploitation-des-ressources-naturelles\/","og_site_name":"Well Grounded","article_published_time":"2015-12-11T17:25:45+00:00","article_modified_time":"2022-03-11T13:48:55+00:00","og_image":[{"width":341,"height":227,"url":"https:\/\/i0.wp.com\/well-grounded.org\/wp-content\/uploads\/2022\/03\/foret_communautaire.jpg?fit=341%2C227&ssl=1","type":"image\/jpeg"}],"author":"admin","twitter_card":"summary_large_image","twitter_misc":{"\u00c9crit par":"admin","Dur\u00e9e de lecture estim\u00e9e":"15 minutes"},"schema":{"@context":"https:\/\/schema.org","@graph":[{"@type":"Article","@id":"https:\/\/well-grounded.org\/fr\/pourquoi-les-communautes-finissent-souvent-par-perdre-leurs-terres-ou-forets-communautaires-ou-beneficier-moins-du-profit-de-lexploitation-des-ressources-naturelles\/#article","isPartOf":{"@id":"https:\/\/well-grounded.org\/fr\/pourquoi-les-communautes-finissent-souvent-par-perdre-leurs-terres-ou-forets-communautaires-ou-beneficier-moins-du-profit-de-lexploitation-des-ressources-naturelles\/"},"author":{"name":"admin","@id":"https:\/\/well-grounded.org\/fr\/#\/schema\/person\/f20fe8e79d42d64d637f9f09bd10ee08"},"headline":"Pourquoi les communaut\u00e9s finissent souvent par perdre leurs terres ou for\u00eats communautaires ou b\u00e9n\u00e9ficier moins du profit de l\u2019exploitation des ressources naturelles?","datePublished":"2015-12-11T17:25:45+00:00","dateModified":"2022-03-11T13:48:55+00:00","mainEntityOfPage":{"@id":"https:\/\/well-grounded.org\/fr\/pourquoi-les-communautes-finissent-souvent-par-perdre-leurs-terres-ou-forets-communautaires-ou-beneficier-moins-du-profit-de-lexploitation-des-ressources-naturelles\/"},"wordCount":588,"commentCount":0,"publisher":{"@id":"https:\/\/well-grounded.org\/fr\/#organization"},"image":{"@id":"https:\/\/well-grounded.org\/fr\/pourquoi-les-communautes-finissent-souvent-par-perdre-leurs-terres-ou-forets-communautaires-ou-beneficier-moins-du-profit-de-lexploitation-des-ressources-naturelles\/#primaryimage"},"thumbnailUrl":"https:\/\/i0.wp.com\/well-grounded.org\/wp-content\/uploads\/2022\/03\/foret_communautaire.jpg?fit=341%2C227&ssl=1","articleSection":["T\u00e9moignages du terrain"],"inLanguage":"fr-FR","potentialAction":[{"@type":"CommentAction","name":"Comment","target":["https:\/\/well-grounded.org\/fr\/pourquoi-les-communautes-finissent-souvent-par-perdre-leurs-terres-ou-forets-communautaires-ou-beneficier-moins-du-profit-de-lexploitation-des-ressources-naturelles\/#respond"]}]},{"@type":"WebPage","@id":"https:\/\/well-grounded.org\/fr\/pourquoi-les-communautes-finissent-souvent-par-perdre-leurs-terres-ou-forets-communautaires-ou-beneficier-moins-du-profit-de-lexploitation-des-ressources-naturelles\/","url":"https:\/\/well-grounded.org\/fr\/pourquoi-les-communautes-finissent-souvent-par-perdre-leurs-terres-ou-forets-communautaires-ou-beneficier-moins-du-profit-de-lexploitation-des-ressources-naturelles\/","name":"Pourquoi les communaut\u00e9s finissent souvent par perdre leurs terres ou for\u00eats communautaires ou b\u00e9n\u00e9ficier moins du profit de l\u2019exploitation des ressources naturelles? - Well Grounded","isPartOf":{"@id":"https:\/\/well-grounded.org\/fr\/#website"},"primaryImageOfPage":{"@id":"https:\/\/well-grounded.org\/fr\/pourquoi-les-communautes-finissent-souvent-par-perdre-leurs-terres-ou-forets-communautaires-ou-beneficier-moins-du-profit-de-lexploitation-des-ressources-naturelles\/#primaryimage"},"image":{"@id":"https:\/\/well-grounded.org\/fr\/pourquoi-les-communautes-finissent-souvent-par-perdre-leurs-terres-ou-forets-communautaires-ou-beneficier-moins-du-profit-de-lexploitation-des-ressources-naturelles\/#primaryimage"},"thumbnailUrl":"https:\/\/i0.wp.com\/well-grounded.org\/wp-content\/uploads\/2022\/03\/foret_communautaire.jpg?fit=341%2C227&ssl=1","datePublished":"2015-12-11T17:25:45+00:00","dateModified":"2022-03-11T13:48:55+00:00","breadcrumb":{"@id":"https:\/\/well-grounded.org\/fr\/pourquoi-les-communautes-finissent-souvent-par-perdre-leurs-terres-ou-forets-communautaires-ou-beneficier-moins-du-profit-de-lexploitation-des-ressources-naturelles\/#breadcrumb"},"inLanguage":"fr-FR","potentialAction":[{"@type":"ReadAction","target":["https:\/\/well-grounded.org\/fr\/pourquoi-les-communautes-finissent-souvent-par-perdre-leurs-terres-ou-forets-communautaires-ou-beneficier-moins-du-profit-de-lexploitation-des-ressources-naturelles\/"]}]},{"@type":"ImageObject","inLanguage":"fr-FR","@id":"https:\/\/well-grounded.org\/fr\/pourquoi-les-communautes-finissent-souvent-par-perdre-leurs-terres-ou-forets-communautaires-ou-beneficier-moins-du-profit-de-lexploitation-des-ressources-naturelles\/#primaryimage","url":"https:\/\/i0.wp.com\/well-grounded.org\/wp-content\/uploads\/2022\/03\/foret_communautaire.jpg?fit=341%2C227&ssl=1","contentUrl":"https:\/\/i0.wp.com\/well-grounded.org\/wp-content\/uploads\/2022\/03\/foret_communautaire.jpg?fit=341%2C227&ssl=1","width":341,"height":227},{"@type":"BreadcrumbList","@id":"https:\/\/well-grounded.org\/fr\/pourquoi-les-communautes-finissent-souvent-par-perdre-leurs-terres-ou-forets-communautaires-ou-beneficier-moins-du-profit-de-lexploitation-des-ressources-naturelles\/#breadcrumb","itemListElement":[{"@type":"ListItem","position":1,"name":"Home","item":"https:\/\/well-grounded.org\/fr\/"},{"@type":"ListItem","position":2,"name":"Pourquoi les communaut\u00e9s finissent souvent par perdre leurs terres ou for\u00eats communautaires ou b\u00e9n\u00e9ficier moins du profit de l\u2019exploitation des ressources naturelles?"}]},{"@type":"WebSite","@id":"https:\/\/well-grounded.org\/fr\/#website","url":"https:\/\/well-grounded.org\/fr\/","name":"Well Grounded","description":"Empowering Civil Society","publisher":{"@id":"https:\/\/well-grounded.org\/fr\/#organization"},"potentialAction":[{"@type":"SearchAction","target":{"@type":"EntryPoint","urlTemplate":"https:\/\/well-grounded.org\/fr\/?s={search_term_string}"},"query-input":{"@type":"PropertyValueSpecification","valueRequired":true,"valueName":"search_term_string"}}],"inLanguage":"fr-FR"},{"@type":"Organization","@id":"https:\/\/well-grounded.org\/fr\/#organization","name":"Well Grounded","url":"https:\/\/well-grounded.org\/fr\/","logo":{"@type":"ImageObject","inLanguage":"fr-FR","@id":"https:\/\/well-grounded.org\/fr\/#\/schema\/logo\/image\/","url":"https:\/\/well-grounded.org\/wp-content\/uploads\/2022\/07\/Well-Grounded-Logo-with-tagline-no-Map.jpg","contentUrl":"https:\/\/well-grounded.org\/wp-content\/uploads\/2022\/07\/Well-Grounded-Logo-with-tagline-no-Map.jpg","width":1195,"height":809,"caption":"Well Grounded"},"image":{"@id":"https:\/\/well-grounded.org\/fr\/#\/schema\/logo\/image\/"}},{"@type":"Person","@id":"https:\/\/well-grounded.org\/fr\/#\/schema\/person\/f20fe8e79d42d64d637f9f09bd10ee08","name":"admin","image":{"@type":"ImageObject","inLanguage":"fr-FR","@id":"https:\/\/secure.gravatar.com\/avatar\/5496286fffac811aab67ce956df57577c44051ca9bb6f9b7d386353b0dd7a205?s=96&d=mm&r=g","url":"https:\/\/secure.gravatar.com\/avatar\/5496286fffac811aab67ce956df57577c44051ca9bb6f9b7d386353b0dd7a205?s=96&d=mm&r=g","contentUrl":"https:\/\/secure.gravatar.com\/avatar\/5496286fffac811aab67ce956df57577c44051ca9bb6f9b7d386353b0dd7a205?s=96&d=mm&r=g","caption":"admin"},"description":"This is a test of user profile update, using lea's picture and this text instead of an actual biography. Here is a new paragraph","url":"https:\/\/well-grounded.org\/fr\/author\/admin\/"}]}},"jetpack_featured_media_url":"https:\/\/i0.wp.com\/well-grounded.org\/wp-content\/uploads\/2022\/03\/foret_communautaire.jpg?fit=341%2C227&ssl=1","jetpack_sharing_enabled":true,"_links":{"self":[{"href":"https:\/\/well-grounded.org\/fr\/wp-json\/wp\/v2\/posts\/5203","targetHints":{"allow":["GET"]}}],"collection":[{"href":"https:\/\/well-grounded.org\/fr\/wp-json\/wp\/v2\/posts"}],"about":[{"href":"https:\/\/well-grounded.org\/fr\/wp-json\/wp\/v2\/types\/post"}],"author":[{"embeddable":true,"href":"https:\/\/well-grounded.org\/fr\/wp-json\/wp\/v2\/users\/1"}],"replies":[{"embeddable":true,"href":"https:\/\/well-grounded.org\/fr\/wp-json\/wp\/v2\/comments?post=5203"}],"version-history":[{"count":0,"href":"https:\/\/well-grounded.org\/fr\/wp-json\/wp\/v2\/posts\/5203\/revisions"}],"wp:featuredmedia":[{"embeddable":true,"href":"https:\/\/well-grounded.org\/fr\/wp-json\/wp\/v2\/media\/4398"}],"wp:attachment":[{"href":"https:\/\/well-grounded.org\/fr\/wp-json\/wp\/v2\/media?parent=5203"}],"wp:term":[{"taxonomy":"category","embeddable":true,"href":"https:\/\/well-grounded.org\/fr\/wp-json\/wp\/v2\/categories?post=5203"},{"taxonomy":"post_tag","embeddable":true,"href":"https:\/\/well-grounded.org\/fr\/wp-json\/wp\/v2\/tags?post=5203"}],"curies":[{"name":"wp","href":"https:\/\/api.w.org\/{rel}","templated":true}]}}