{"id":5201,"date":"2016-01-15T16:53:10","date_gmt":"2016-01-15T16:53:10","guid":{"rendered":"https:\/\/well-grounded.org\/le-developpement-organisationnel-pilier-important-pour-la-gestion-durable-des-ressources-naturelles\/"},"modified":"2022-03-11T13:48:54","modified_gmt":"2022-03-11T13:48:54","slug":"le-developpement-organisationnel-pilier-important-pour-la-gestion-durable-des-ressources-naturelles","status":"publish","type":"post","link":"https:\/\/well-grounded.org\/fr\/le-developpement-organisationnel-pilier-important-pour-la-gestion-durable-des-ressources-naturelles\/","title":{"rendered":"Le d\u00e9veloppement organisationnel, pilier important pour la gestion durable des ressources naturelles"},"content":{"rendered":"<style type=\"text\/css\"><\/style>\n<section class=\"kc-elm kc-css-2263936 kc_row\">\n<div class=\"kc-row-container  kc-container\">\n<div class=\"kc-wrap-columns\">\n<div class=\"kc-elm kc-css-2034381 kc_col-sm-12 kc_column kc_col-sm-12\">\n<div class=\"kc-col-container\">\n<div class=\"kc-elm kc-css-1583381 kc_text_block\">\n<p>Du 27 au 30 juillet 2015, Well Grounded et Maliasili Initiatives ont organis\u00e9 \u00e0 Nairobi (R\u00e9publique du Kenya) une journ\u00e9e d\u2019\u00e9change entre les organisations de la soci\u00e9t\u00e9 civile du Kenya, de la Tanzanie et de la R\u00e9publique D\u00e9mocratique du Congo pour partager les exp\u00e9riences et diverses r\u00e9flexions sur l&rsquo;\u00e9laboration d&rsquo;une strat\u00e9gie, d\u2019un plan d\u2019affaire et des mod\u00e8les innovants de financement plus durables. Cet \u00e9v\u00e9nement \u00e9tait li\u00e9 \u00e0 une conf\u00e9rence plus large qui a r\u00e9uni une centaine d\u2019acteurs et qui avait comme objectif le renforcement des capacit\u00e9s de multiples acteurs en vue de mieux conserver les \u00e9cosyst\u00e8mes.<\/p>\n<p>Au regard de tout ce qui pr\u00e9c\u00e8de, j\u2019avais \u00e9t\u00e9 marqu\u00e9 par certaines le\u00e7ons et orientations strat\u00e9giques que je voudrais bien partager.<\/p>\n<p>En effet, une organisation apprenante d\u00e9veloppe toujours, \u00e0 son sein, des m\u00e9canismes d\u2019apprentissage continu en vue d\u2019am\u00e9liorer la qualit\u00e9 de ses prestations au profit des communaut\u00e9s locales et des peuples autochtones dont la survie d\u00e9pend de la gestion durable des ressources naturelles. C\u2019est dans ce cadre que l\u2019atelier tenu \u00e0 Nairobi s\u2019est pench\u00e9 sur cinq principales th\u00e9matiques \u00e0 savoir\u00a0: (i) les aires prot\u00e9g\u00e9es, (ii) l\u2019engagement communautaire et gouvernance bas\u00e9e sur les droits, (iii) le leadership effectif et renforcement organisationnel, (iv) l\u2019apprentissage professionnel et (v) le d\u00e9veloppement de la communaut\u00e9 des praticiens.<\/p>\n<p>Les \u00e9changes entre participants venus de diff\u00e9rents pays m\u2019ont inspir\u00e9 quelques le\u00e7ons dont les principales sont\u00a0:<\/p>\n<ol>\n<li>La journ\u00e9e d\u2019\u00e9change a eu le m\u00e9rite de favoriser les \u00e9changes entre paires pour l\u2019apprentissage mutuel, les \u00e9changes entre les r\u00e9gions et discuter ensemble sur la durabilit\u00e9 organisationnelle. En effet, on parle toujours des activit\u00e9s de terrain, sans n\u00e9cessairement toucher les questions de d\u00e9veloppement organisationnel. Il est donc n\u00e9cessaire que les organisations de la soci\u00e9t\u00e9 civile mettent \u00e0 l\u2019esprit cette question et d\u2019y revenir p\u00e9riodique, par exemple, \u00e0 l\u2019occasion de leur auto-\u00e9valuation annuelle. Cette derni\u00e8re serait donc consid\u00e9r\u00e9e comme un forum annuel de renforcement des capacit\u00e9s en s\u2019inspirant des outils li\u00e9s \u00e0 l\u2019\u00e9valuation des besoins en formation et des capacit\u00e9s.<\/li>\n<li>Lorsque les gens ont acquis des capacit\u00e9s et des comp\u00e9tences, il faut les \u00e9valuer et les valoriser davantage \u00e0 travers les unit\u00e9s de mesures. Pour ce faire, les organisations de la soci\u00e9t\u00e9 civile devront pr\u00e9voir la grille d\u2019\u00e9valuation dans leurs textes r\u00e9glementaires en vue de l\u2019\u00e9valuation p\u00e9riodique des performances.<\/li>\n<li>Il faut bien dissocier les connaissances, les capacit\u00e9s et les comp\u00e9tences. On peut bien former quelqu\u2019un sans renforcer ses capacit\u00e9s. Il est donc imp\u00e9rieux d\u2019\u00e9valuer l\u2019impact des formations pass\u00e9es et d\u00e9finir les nouvelles strat\u00e9gies pour am\u00e9liorer la situation en fonction de nouveaux besoins.<\/li>\n<li>L\u2019initiative de renforcement des capacit\u00e9s de gestion des aires prot\u00e9g\u00e9es de l\u2019UICN est \u00e0 encourager, en insistant sur la n\u00e9cessit\u00e9 du respect de consultation et du consentement communautaire dans le processus d\u2019\u00e9rection et de gestion des aires prot\u00e9g\u00e9es.<\/li>\n<\/ol>\n<p>En d\u00e9finitive, le renforcement organisationnel bas\u00e9 sur la durabilit\u00e9 est un gage pour un accompagnement efficace des communaut\u00e9s. Il est donc n\u00e9cessaire de s\u2019y engager, tout en sachant que ce travail exige du temps, de la patience et des ressources. Son impact se manifeste g\u00e9n\u00e9ralement \u00e0 long terme.<\/p>\n<\/div>\n<\/div>\n<\/div>\n<\/div>\n<\/div>\n<\/section>\n","protected":false},"excerpt":{"rendered":"<p>Du 27 au 30 juillet 2015, Well Grounded et Maliasili Initiatives ont organis\u00e9 \u00e0 Nairobi (R\u00e9publique du Kenya) une journ\u00e9e d\u2019\u00e9change entre les organisations de la soci\u00e9t\u00e9 civile du Kenya, de la Tanzanie et de la R\u00e9publique D\u00e9mocratique du Congo pour partager les exp\u00e9riences et diverses r\u00e9flexions sur l&rsquo;\u00e9laboration d&rsquo;une strat\u00e9gie, d\u2019un plan d\u2019affaire et des mod\u00e8les innovants de financement plus durables. Cet \u00e9v\u00e9nement \u00e9tait li\u00e9 \u00e0 une conf\u00e9rence plus large qui a r\u00e9uni une centaine d\u2019acteurs et qui avait comme objectif le renforcement des capacit\u00e9s de multiples acteurs en vue de mieux conserver les \u00e9cosyst\u00e8mes. Au regard de tout ce <a href=\"https:\/\/well-grounded.org\/fr\/le-developpement-organisationnel-pilier-important-pour-la-gestion-durable-des-ressources-naturelles\/\"> [&#8230;]<\/a><\/p>\n","protected":false},"author":1,"featured_media":4392,"comment_status":"open","ping_status":"open","sticky":false,"template":"","format":"standard","meta":{"_jetpack_memberships_contains_paid_content":false,"footnotes":""},"categories":[281,284],"tags":[],"class_list":["post-5201","post","type-post","status-publish","format-standard","has-post-thumbnail","hentry","category-nos-clients","category-temoignages-du-terrain"],"yoast_head":"<!-- This site is optimized with the Yoast SEO plugin v27.4 - https:\/\/yoast.com\/product\/yoast-seo-wordpress\/ -->\n<title>Le d\u00e9veloppement organisationnel, pilier important pour la gestion durable des ressources naturelles - Well Grounded<\/title>\n<meta name=\"robots\" content=\"index, follow, max-snippet:-1, max-image-preview:large, max-video-preview:-1\" \/>\n<link rel=\"canonical\" href=\"https:\/\/well-grounded.org\/fr\/le-developpement-organisationnel-pilier-important-pour-la-gestion-durable-des-ressources-naturelles\/\" \/>\n<meta property=\"og:locale\" content=\"fr_FR\" \/>\n<meta property=\"og:type\" content=\"article\" \/>\n<meta property=\"og:title\" content=\"Le d\u00e9veloppement organisationnel, pilier important pour la gestion durable des ressources naturelles - Well Grounded\" \/>\n<meta property=\"og:description\" content=\"Du 27 au 30 juillet 2015, Well Grounded et Maliasili Initiatives ont organis\u00e9 \u00e0 Nairobi (R\u00e9publique du Kenya) une journ\u00e9e d\u2019\u00e9change entre les organisations de la soci\u00e9t\u00e9 civile du Kenya, de la Tanzanie et de la R\u00e9publique D\u00e9mocratique du Congo pour partager les exp\u00e9riences et diverses r\u00e9flexions sur l&rsquo;\u00e9laboration d&rsquo;une strat\u00e9gie, d\u2019un plan d\u2019affaire et des mod\u00e8les innovants de financement plus durables. Cet \u00e9v\u00e9nement \u00e9tait li\u00e9 \u00e0 une conf\u00e9rence plus large qui a r\u00e9uni une centaine d\u2019acteurs et qui avait comme objectif le renforcement des capacit\u00e9s de multiples acteurs en vue de mieux conserver les \u00e9cosyst\u00e8mes. Au regard de tout ce [...]\" \/>\n<meta property=\"og:url\" content=\"https:\/\/well-grounded.org\/fr\/le-developpement-organisationnel-pilier-important-pour-la-gestion-durable-des-ressources-naturelles\/\" \/>\n<meta property=\"og:site_name\" content=\"Well Grounded\" \/>\n<meta property=\"article:published_time\" content=\"2016-01-15T16:53:10+00:00\" \/>\n<meta property=\"article:modified_time\" content=\"2022-03-11T13:48:54+00:00\" \/>\n<meta property=\"og:image\" content=\"https:\/\/i0.wp.com\/well-grounded.org\/wp-content\/uploads\/2022\/03\/dsc_0198_0.jpg?fit=1279%2C847&ssl=1\" \/>\n\t<meta property=\"og:image:width\" content=\"1279\" \/>\n\t<meta property=\"og:image:height\" content=\"847\" \/>\n\t<meta property=\"og:image:type\" content=\"image\/jpeg\" \/>\n<meta name=\"author\" content=\"admin\" \/>\n<meta name=\"twitter:card\" content=\"summary_large_image\" \/>\n<meta name=\"twitter:label1\" content=\"\u00c9crit par\" \/>\n\t<meta name=\"twitter:data1\" content=\"admin\" \/>\n\t<meta name=\"twitter:label2\" content=\"Dur\u00e9e de lecture estim\u00e9e\" \/>\n\t<meta name=\"twitter:data2\" content=\"15 minutes\" \/>\n<!-- \/ Yoast SEO plugin. -->","yoast_head_json":{"title":"Le d\u00e9veloppement organisationnel, pilier important pour la gestion durable des ressources naturelles - Well Grounded","robots":{"index":"index","follow":"follow","max-snippet":"max-snippet:-1","max-image-preview":"max-image-preview:large","max-video-preview":"max-video-preview:-1"},"canonical":"https:\/\/well-grounded.org\/fr\/le-developpement-organisationnel-pilier-important-pour-la-gestion-durable-des-ressources-naturelles\/","og_locale":"fr_FR","og_type":"article","og_title":"Le d\u00e9veloppement organisationnel, pilier important pour la gestion durable des ressources naturelles - Well Grounded","og_description":"Du 27 au 30 juillet 2015, Well Grounded et Maliasili Initiatives ont organis\u00e9 \u00e0 Nairobi (R\u00e9publique du Kenya) une journ\u00e9e d\u2019\u00e9change entre les organisations de la soci\u00e9t\u00e9 civile du Kenya, de la Tanzanie et de la R\u00e9publique D\u00e9mocratique du Congo pour partager les exp\u00e9riences et diverses r\u00e9flexions sur l&rsquo;\u00e9laboration d&rsquo;une strat\u00e9gie, d\u2019un plan d\u2019affaire et des mod\u00e8les innovants de financement plus durables. Cet \u00e9v\u00e9nement \u00e9tait li\u00e9 \u00e0 une conf\u00e9rence plus large qui a r\u00e9uni une centaine d\u2019acteurs et qui avait comme objectif le renforcement des capacit\u00e9s de multiples acteurs en vue de mieux conserver les \u00e9cosyst\u00e8mes. Au regard de tout ce [...]","og_url":"https:\/\/well-grounded.org\/fr\/le-developpement-organisationnel-pilier-important-pour-la-gestion-durable-des-ressources-naturelles\/","og_site_name":"Well Grounded","article_published_time":"2016-01-15T16:53:10+00:00","article_modified_time":"2022-03-11T13:48:54+00:00","og_image":[{"width":1279,"height":847,"url":"https:\/\/i0.wp.com\/well-grounded.org\/wp-content\/uploads\/2022\/03\/dsc_0198_0.jpg?fit=1279%2C847&ssl=1","type":"image\/jpeg"}],"author":"admin","twitter_card":"summary_large_image","twitter_misc":{"\u00c9crit par":"admin","Dur\u00e9e de lecture estim\u00e9e":"15 minutes"},"schema":{"@context":"https:\/\/schema.org","@graph":[{"@type":"Article","@id":"https:\/\/well-grounded.org\/fr\/le-developpement-organisationnel-pilier-important-pour-la-gestion-durable-des-ressources-naturelles\/#article","isPartOf":{"@id":"https:\/\/well-grounded.org\/fr\/le-developpement-organisationnel-pilier-important-pour-la-gestion-durable-des-ressources-naturelles\/"},"author":{"name":"admin","@id":"https:\/\/well-grounded.org\/fr\/#\/schema\/person\/f20fe8e79d42d64d637f9f09bd10ee08"},"headline":"Le d\u00e9veloppement organisationnel, pilier important pour la gestion durable des ressources naturelles","datePublished":"2016-01-15T16:53:10+00:00","dateModified":"2022-03-11T13:48:54+00:00","mainEntityOfPage":{"@id":"https:\/\/well-grounded.org\/fr\/le-developpement-organisationnel-pilier-important-pour-la-gestion-durable-des-ressources-naturelles\/"},"wordCount":604,"commentCount":0,"publisher":{"@id":"https:\/\/well-grounded.org\/fr\/#organization"},"image":{"@id":"https:\/\/well-grounded.org\/fr\/le-developpement-organisationnel-pilier-important-pour-la-gestion-durable-des-ressources-naturelles\/#primaryimage"},"thumbnailUrl":"https:\/\/i0.wp.com\/well-grounded.org\/wp-content\/uploads\/2022\/03\/dsc_0198_0.jpg?fit=1279%2C847&ssl=1","articleSection":["Nos clients","T\u00e9moignages du terrain"],"inLanguage":"fr-FR","potentialAction":[{"@type":"CommentAction","name":"Comment","target":["https:\/\/well-grounded.org\/fr\/le-developpement-organisationnel-pilier-important-pour-la-gestion-durable-des-ressources-naturelles\/#respond"]}]},{"@type":"WebPage","@id":"https:\/\/well-grounded.org\/fr\/le-developpement-organisationnel-pilier-important-pour-la-gestion-durable-des-ressources-naturelles\/","url":"https:\/\/well-grounded.org\/fr\/le-developpement-organisationnel-pilier-important-pour-la-gestion-durable-des-ressources-naturelles\/","name":"Le d\u00e9veloppement organisationnel, pilier important pour la gestion durable des ressources naturelles - Well Grounded","isPartOf":{"@id":"https:\/\/well-grounded.org\/fr\/#website"},"primaryImageOfPage":{"@id":"https:\/\/well-grounded.org\/fr\/le-developpement-organisationnel-pilier-important-pour-la-gestion-durable-des-ressources-naturelles\/#primaryimage"},"image":{"@id":"https:\/\/well-grounded.org\/fr\/le-developpement-organisationnel-pilier-important-pour-la-gestion-durable-des-ressources-naturelles\/#primaryimage"},"thumbnailUrl":"https:\/\/i0.wp.com\/well-grounded.org\/wp-content\/uploads\/2022\/03\/dsc_0198_0.jpg?fit=1279%2C847&ssl=1","datePublished":"2016-01-15T16:53:10+00:00","dateModified":"2022-03-11T13:48:54+00:00","breadcrumb":{"@id":"https:\/\/well-grounded.org\/fr\/le-developpement-organisationnel-pilier-important-pour-la-gestion-durable-des-ressources-naturelles\/#breadcrumb"},"inLanguage":"fr-FR","potentialAction":[{"@type":"ReadAction","target":["https:\/\/well-grounded.org\/fr\/le-developpement-organisationnel-pilier-important-pour-la-gestion-durable-des-ressources-naturelles\/"]}]},{"@type":"ImageObject","inLanguage":"fr-FR","@id":"https:\/\/well-grounded.org\/fr\/le-developpement-organisationnel-pilier-important-pour-la-gestion-durable-des-ressources-naturelles\/#primaryimage","url":"https:\/\/i0.wp.com\/well-grounded.org\/wp-content\/uploads\/2022\/03\/dsc_0198_0.jpg?fit=1279%2C847&ssl=1","contentUrl":"https:\/\/i0.wp.com\/well-grounded.org\/wp-content\/uploads\/2022\/03\/dsc_0198_0.jpg?fit=1279%2C847&ssl=1","width":1279,"height":847},{"@type":"BreadcrumbList","@id":"https:\/\/well-grounded.org\/fr\/le-developpement-organisationnel-pilier-important-pour-la-gestion-durable-des-ressources-naturelles\/#breadcrumb","itemListElement":[{"@type":"ListItem","position":1,"name":"Home","item":"https:\/\/well-grounded.org\/fr\/"},{"@type":"ListItem","position":2,"name":"Le d\u00e9veloppement organisationnel, pilier important pour la gestion durable des ressources naturelles"}]},{"@type":"WebSite","@id":"https:\/\/well-grounded.org\/fr\/#website","url":"https:\/\/well-grounded.org\/fr\/","name":"Well Grounded","description":"Empowering Civil Society","publisher":{"@id":"https:\/\/well-grounded.org\/fr\/#organization"},"potentialAction":[{"@type":"SearchAction","target":{"@type":"EntryPoint","urlTemplate":"https:\/\/well-grounded.org\/fr\/?s={search_term_string}"},"query-input":{"@type":"PropertyValueSpecification","valueRequired":true,"valueName":"search_term_string"}}],"inLanguage":"fr-FR"},{"@type":"Organization","@id":"https:\/\/well-grounded.org\/fr\/#organization","name":"Well Grounded","url":"https:\/\/well-grounded.org\/fr\/","logo":{"@type":"ImageObject","inLanguage":"fr-FR","@id":"https:\/\/well-grounded.org\/fr\/#\/schema\/logo\/image\/","url":"https:\/\/well-grounded.org\/wp-content\/uploads\/2022\/07\/Well-Grounded-Logo-with-tagline-no-Map.jpg","contentUrl":"https:\/\/well-grounded.org\/wp-content\/uploads\/2022\/07\/Well-Grounded-Logo-with-tagline-no-Map.jpg","width":1195,"height":809,"caption":"Well Grounded"},"image":{"@id":"https:\/\/well-grounded.org\/fr\/#\/schema\/logo\/image\/"}},{"@type":"Person","@id":"https:\/\/well-grounded.org\/fr\/#\/schema\/person\/f20fe8e79d42d64d637f9f09bd10ee08","name":"admin","image":{"@type":"ImageObject","inLanguage":"fr-FR","@id":"https:\/\/secure.gravatar.com\/avatar\/5496286fffac811aab67ce956df57577c44051ca9bb6f9b7d386353b0dd7a205?s=96&d=mm&r=g","url":"https:\/\/secure.gravatar.com\/avatar\/5496286fffac811aab67ce956df57577c44051ca9bb6f9b7d386353b0dd7a205?s=96&d=mm&r=g","contentUrl":"https:\/\/secure.gravatar.com\/avatar\/5496286fffac811aab67ce956df57577c44051ca9bb6f9b7d386353b0dd7a205?s=96&d=mm&r=g","caption":"admin"},"description":"This is a test of user profile update, using lea's picture and this text instead of an actual biography. Here is a new paragraph","url":"https:\/\/well-grounded.org\/fr\/author\/admin\/"}]}},"jetpack_featured_media_url":"https:\/\/i0.wp.com\/well-grounded.org\/wp-content\/uploads\/2022\/03\/dsc_0198_0.jpg?fit=1279%2C847&ssl=1","jetpack_sharing_enabled":true,"_links":{"self":[{"href":"https:\/\/well-grounded.org\/fr\/wp-json\/wp\/v2\/posts\/5201","targetHints":{"allow":["GET"]}}],"collection":[{"href":"https:\/\/well-grounded.org\/fr\/wp-json\/wp\/v2\/posts"}],"about":[{"href":"https:\/\/well-grounded.org\/fr\/wp-json\/wp\/v2\/types\/post"}],"author":[{"embeddable":true,"href":"https:\/\/well-grounded.org\/fr\/wp-json\/wp\/v2\/users\/1"}],"replies":[{"embeddable":true,"href":"https:\/\/well-grounded.org\/fr\/wp-json\/wp\/v2\/comments?post=5201"}],"version-history":[{"count":0,"href":"https:\/\/well-grounded.org\/fr\/wp-json\/wp\/v2\/posts\/5201\/revisions"}],"wp:featuredmedia":[{"embeddable":true,"href":"https:\/\/well-grounded.org\/fr\/wp-json\/wp\/v2\/media\/4392"}],"wp:attachment":[{"href":"https:\/\/well-grounded.org\/fr\/wp-json\/wp\/v2\/media?parent=5201"}],"wp:term":[{"taxonomy":"category","embeddable":true,"href":"https:\/\/well-grounded.org\/fr\/wp-json\/wp\/v2\/categories?post=5201"},{"taxonomy":"post_tag","embeddable":true,"href":"https:\/\/well-grounded.org\/fr\/wp-json\/wp\/v2\/tags?post=5201"}],"curies":[{"name":"wp","href":"https:\/\/api.w.org\/{rel}","templated":true}]}}