{"id":5200,"date":"2016-04-22T08:19:57","date_gmt":"2016-04-22T08:19:57","guid":{"rendered":"https:\/\/well-grounded.org\/des-apiculteurs-en-larmes\/"},"modified":"2022-03-11T13:48:54","modified_gmt":"2022-03-11T13:48:54","slug":"des-apiculteurs-en-larmes","status":"publish","type":"post","link":"https:\/\/well-grounded.org\/fr\/des-apiculteurs-en-larmes\/","title":{"rendered":"\u00ab\u00a0Des apiculteurs en larmes\u00a0\u00bb"},"content":{"rendered":"<style type=\"text\/css\"><\/style>\n<section class=\"kc-elm kc-css-1927134 kc_row\">\n<div class=\"kc-row-container  kc-container\">\n<div class=\"kc-wrap-columns\">\n<div class=\"kc-elm kc-css-3043824 kc_col-sm-12 kc_column kc_col-sm-12\">\n<div class=\"kc-col-container\">\n<div class=\"kc-elm kc-css-1021096 kc_text_block\">\n<p>Fin F\u00e9vrier, Wirsiy Emmanuel Binyuy, le directeur de CAMGEW, a \u00e9t\u00e9 pr\u00e9venu qu&rsquo;un feu de for\u00eat, apparemment d\u00e9clench\u00e9 par un fermier \u00e0 Bikhov, une petite communaut\u00e9 de la subdivision de Jakiri, dans le Nord-Ouest du Cameroun, \u00e9tait hors de contr\u00f4le et qu&rsquo;il mena\u00e7ait de s&rsquo;\u00e9tendre \u00e0 toute la for\u00eat de Kilum-Ijim, qui couvre plus de 20 000 hectares. La for\u00eat de de Kilum-Ijim est une zone de for\u00eat pluviale montagneuse, situ\u00e9e sur le Mont Oku et la Cr\u00eate d&rsquo;IJim avoisinante, dans les montagnes camerounaises.<\/p>\n<p>Malgr\u00e9 une forte mobilisation communautaire, il a fallu plus de sept jours de dur labeur pour finalement parvenir \u00e0 \u00e9teindre le feu, qui a eu des cons\u00e9quences d\u00e9vastatrices. Les autres communaut\u00e9s, qui voyaient le feu arriver aux limites de leur for\u00eat, avaient commenc\u00e9 \u00e0 am\u00e9nager des coupe-feux pour l&#8217;emp\u00eacher de continuer \u00e0 s&rsquo;\u00e9tendre.<\/p>\n<p>Cameroon Gender and Environment Watch (CAMGEW) est une organisation communautaire bas\u00e9e \u00e0 Oku, dont l&rsquo;objectif est de promouvoir la conservation de cette for\u00eat. Well Grounded travaille \u00e0 ses c\u00f4t\u00e9s depuis 2015.<\/p>\n<p>CAMGEW travaille avec les habitants des communaut\u00e9s vivant pr\u00e8s de la for\u00eat de Kilum-Ijim pour promouvoir des activit\u00e9s de subsistance alternatives, afin d&rsquo;assurer que le patrimoine forestier ne soit pas menac\u00e9. CAMGEW soutient les membres de la communaut\u00e9 afin qu&rsquo;ils plantent des arbres, assurant ainsi la r\u00e9g\u00e9n\u00e9ration de la for\u00eat, et qu&rsquo;ils s&rsquo;engagent dans une activit\u00e9 apicole commerciale. La pratique de l&rsquo;apiculture encourage ses usagers \u00e0 prot\u00e9ger les arbres de la for\u00eat qui favorisent la production de miel.<\/p>\n<p>L&rsquo;incendie qui s&rsquo;est d\u00e9clar\u00e9 en F\u00e9vrier a caus\u00e9 \u00e0 CAMGEW et \u00e0 ses b\u00e9n\u00e9ficiaires d&rsquo;\u00e9normes pertes: \u201cCet incendie a d\u00e9truit une part importante des arbres que nous avions plant\u00e9s en 2015: 4500 ont br\u00fbl\u00e9, ainsi que plus de 400 ruches. En tout, 820 hectares de for\u00eat ont \u00e9t\u00e9 d\u00e9truits\u201d.<\/p>\n<p>Les membres de notre communaut\u00e9 ont vu une grande partie de leurs ruches d\u00e9truites par des feux de for\u00eat: au total, 1124 ruches contenant des abeilles et 624 ruches vides. 45 apiculteurs ont d\u00e9clar\u00e9 avoir d\u00e9j\u00e0 perdu certaines de leurs ruches.<\/p>\n<p>Sole Dzefoteer, l&rsquo;un des b\u00e9n\u00e9ficiaires de CAMGEW, a perdu la totalit\u00e9 de ses 88 ruches, et Ngum Ndijia en a perdu 80. Tous les deux ont regard\u00e9, impuissants, leur principale source de revenus se tranformer en cendres.<\/p>\n<p>Une nouvelle coop\u00e9rative, appel\u00e9e Bikov Oku White Honey Cooperative, avait \u00e9t\u00e9 r\u00e9cemment cr\u00e9\u00e9e; les nouveaux apiculteurs ont perdu presque toutes leurs ruches.<\/p>\n<p>De nombreux activistes environnementaux tentent de combattre la pratique des feux de for\u00eat; ils estiment que la for\u00eat devrait \u00eatre mieux prot\u00e9g\u00e9e par le gouvernement:<\/p>\n<p>\u00ab\u00a0Il est grand temps que le gouvernement intervienne dans ce probl\u00e8me des feux de for\u00eat. Certains sont occup\u00e9s \u00e0 construire, pendant que d&rsquo;autres, dans leur ignorance, d\u00e9truisent. Nous devons apprendre d&rsquo;autres pays comment prot\u00e9ger notre for\u00eat. Servons-nous de l&rsquo;exp\u00e9rience du Kenya. Nous devons mettre un terme \u00e0 tous les feux en ext\u00e9rieur, peu importe leur taille. Toute personne prise en flagrant d\u00e9lit [d&rsquo;allumage de feu] doit \u00eatre confront\u00e9 \u00e0 la justice. Nos parlementaires doivent se saisir de ce probl\u00e8me. Nos for\u00eats sont notre vie\u201d\u00a0<em>(Njini Primus John-Paul, activiste pour la conservation foresti\u00e8re).<\/em><\/p>\n<p>Cet incendie a r\u00e9duit en cendres des ann\u00e9es d&rsquo;efforts de conservation de la for\u00eat, de replantage et d&rsquo;\u00e9conomie apicole. Les fermiers d\u00e9marrent souvent des feux, car ils croient que br\u00fbler la v\u00e9g\u00e9tation avant de cultiver peut contribuer \u00e0 de meilleures r\u00e9coltes. CAMGEW continue sans rel\u00e2che \u00e0 remettre cette pratique en question \u00e0 travers ses efforts de sensibilisation, par exemple \u00e0 travers des programmes de radio ou une lettre ouverte envoy\u00e9e aux journaux locaux.<\/p>\n<p>\u201cTout ce que nous pouvons faire, c&rsquo;est sensibiliser la communaut\u00e9 \u00e0 travers des s\u00e9minaires, des conf\u00e9rences, des jeux, des affichages, etc. sur les dangers des feux de for\u00eat. C&rsquo;est de cette mani\u00e8re que le projet de gestion de la for\u00eat de Kilum a r\u00e9ussi dans les ann\u00e9es 90. Je dis cela car j&rsquo;ai particip\u00e9 \u00e0 la plantation d&rsquo;arbres en limite de la for\u00eat en 1990, et les panneaux mettant en garde contre les feux de for\u00eat \u00e9taient pr\u00e9sent partout dans et autour de la for\u00eat\u201d.\u00a0<em>(Moses Chung, activiste pour la conservation foresti\u00e8re).<\/em><\/p>\n<p>Des acteurs de la soci\u00e9t\u00e9 civile font appel au gouvernement pour qu&rsquo;il se joigne \u00e0 leurs efforts dans la lutte contre les feux de for\u00eat et leurs cons\u00e9quences d\u00e9sastreuses pour les communaut\u00e9s foresti\u00e8res. En attendant, ils continuent leur travail de pr\u00e9vention et leurs campagnes de sensibilisation.<\/p>\n<\/div>\n<\/div>\n<\/div>\n<\/div>\n<\/div>\n<\/section>\n","protected":false},"excerpt":{"rendered":"<p>Fin F\u00e9vrier, Wirsiy Emmanuel Binyuy, le directeur de CAMGEW, a \u00e9t\u00e9 pr\u00e9venu qu&rsquo;un feu de for\u00eat, apparemment d\u00e9clench\u00e9 par un fermier \u00e0 Bikhov, une petite communaut\u00e9 de la subdivision de Jakiri, dans le Nord-Ouest du Cameroun, \u00e9tait hors de contr\u00f4le et qu&rsquo;il mena\u00e7ait de s&rsquo;\u00e9tendre \u00e0 toute la for\u00eat de Kilum-Ijim, qui couvre plus de 20 000 hectares. La for\u00eat de de Kilum-Ijim est une zone de for\u00eat pluviale montagneuse, situ\u00e9e sur le Mont Oku et la Cr\u00eate d&rsquo;IJim avoisinante, dans les montagnes camerounaises. Malgr\u00e9 une forte mobilisation communautaire, il a fallu plus de sept jours de dur labeur pour finalement <a href=\"https:\/\/well-grounded.org\/fr\/des-apiculteurs-en-larmes\/\"> [&#8230;]<\/a><\/p>\n","protected":false},"author":1,"featured_media":4389,"comment_status":"open","ping_status":"open","sticky":false,"template":"","format":"standard","meta":{"_jetpack_memberships_contains_paid_content":false,"footnotes":""},"categories":[281,284],"tags":[],"class_list":["post-5200","post","type-post","status-publish","format-standard","has-post-thumbnail","hentry","category-nos-clients","category-temoignages-du-terrain"],"yoast_head":"<!-- This site is optimized with the Yoast SEO plugin v27.4 - https:\/\/yoast.com\/product\/yoast-seo-wordpress\/ -->\n<title>&quot;Des apiculteurs en larmes&quot; - Well Grounded<\/title>\n<meta name=\"robots\" content=\"index, follow, max-snippet:-1, max-image-preview:large, max-video-preview:-1\" \/>\n<link rel=\"canonical\" href=\"https:\/\/well-grounded.org\/fr\/des-apiculteurs-en-larmes\/\" \/>\n<meta property=\"og:locale\" content=\"fr_FR\" \/>\n<meta property=\"og:type\" content=\"article\" \/>\n<meta property=\"og:title\" content=\"&quot;Des apiculteurs en larmes&quot; - Well Grounded\" \/>\n<meta property=\"og:description\" content=\"Fin F\u00e9vrier, Wirsiy Emmanuel Binyuy, le directeur de CAMGEW, a \u00e9t\u00e9 pr\u00e9venu qu&rsquo;un feu de for\u00eat, apparemment d\u00e9clench\u00e9 par un fermier \u00e0 Bikhov, une petite communaut\u00e9 de la subdivision de Jakiri, dans le Nord-Ouest du Cameroun, \u00e9tait hors de contr\u00f4le et qu&rsquo;il mena\u00e7ait de s&rsquo;\u00e9tendre \u00e0 toute la for\u00eat de Kilum-Ijim, qui couvre plus de 20 000 hectares. La for\u00eat de de Kilum-Ijim est une zone de for\u00eat pluviale montagneuse, situ\u00e9e sur le Mont Oku et la Cr\u00eate d&rsquo;IJim avoisinante, dans les montagnes camerounaises. Malgr\u00e9 une forte mobilisation communautaire, il a fallu plus de sept jours de dur labeur pour finalement [...]\" \/>\n<meta property=\"og:url\" content=\"https:\/\/well-grounded.org\/fr\/des-apiculteurs-en-larmes\/\" \/>\n<meta property=\"og:site_name\" content=\"Well Grounded\" \/>\n<meta property=\"article:published_time\" content=\"2016-04-22T08:19:57+00:00\" \/>\n<meta property=\"article:modified_time\" content=\"2022-03-11T13:48:54+00:00\" \/>\n<meta property=\"og:image\" content=\"https:\/\/i0.wp.com\/well-grounded.org\/wp-content\/uploads\/2022\/03\/bushfire-1370757.jpg?fit=600%2C800&ssl=1\" \/>\n\t<meta property=\"og:image:width\" content=\"600\" \/>\n\t<meta property=\"og:image:height\" content=\"800\" \/>\n\t<meta property=\"og:image:type\" content=\"image\/jpeg\" \/>\n<meta name=\"author\" content=\"admin\" \/>\n<meta name=\"twitter:card\" content=\"summary_large_image\" \/>\n<meta name=\"twitter:label1\" content=\"\u00c9crit par\" \/>\n\t<meta name=\"twitter:data1\" content=\"admin\" \/>\n\t<meta name=\"twitter:label2\" content=\"Dur\u00e9e de lecture estim\u00e9e\" \/>\n\t<meta name=\"twitter:data2\" content=\"15 minutes\" \/>\n<!-- \/ Yoast SEO plugin. -->","yoast_head_json":{"title":"\"Des apiculteurs en larmes\" - Well Grounded","robots":{"index":"index","follow":"follow","max-snippet":"max-snippet:-1","max-image-preview":"max-image-preview:large","max-video-preview":"max-video-preview:-1"},"canonical":"https:\/\/well-grounded.org\/fr\/des-apiculteurs-en-larmes\/","og_locale":"fr_FR","og_type":"article","og_title":"\"Des apiculteurs en larmes\" - Well Grounded","og_description":"Fin F\u00e9vrier, Wirsiy Emmanuel Binyuy, le directeur de CAMGEW, a \u00e9t\u00e9 pr\u00e9venu qu&rsquo;un feu de for\u00eat, apparemment d\u00e9clench\u00e9 par un fermier \u00e0 Bikhov, une petite communaut\u00e9 de la subdivision de Jakiri, dans le Nord-Ouest du Cameroun, \u00e9tait hors de contr\u00f4le et qu&rsquo;il mena\u00e7ait de s&rsquo;\u00e9tendre \u00e0 toute la for\u00eat de Kilum-Ijim, qui couvre plus de 20 000 hectares. La for\u00eat de de Kilum-Ijim est une zone de for\u00eat pluviale montagneuse, situ\u00e9e sur le Mont Oku et la Cr\u00eate d&rsquo;IJim avoisinante, dans les montagnes camerounaises. Malgr\u00e9 une forte mobilisation communautaire, il a fallu plus de sept jours de dur labeur pour finalement [...]","og_url":"https:\/\/well-grounded.org\/fr\/des-apiculteurs-en-larmes\/","og_site_name":"Well Grounded","article_published_time":"2016-04-22T08:19:57+00:00","article_modified_time":"2022-03-11T13:48:54+00:00","og_image":[{"width":600,"height":800,"url":"https:\/\/i0.wp.com\/well-grounded.org\/wp-content\/uploads\/2022\/03\/bushfire-1370757.jpg?fit=600%2C800&ssl=1","type":"image\/jpeg"}],"author":"admin","twitter_card":"summary_large_image","twitter_misc":{"\u00c9crit par":"admin","Dur\u00e9e de lecture estim\u00e9e":"15 minutes"},"schema":{"@context":"https:\/\/schema.org","@graph":[{"@type":"Article","@id":"https:\/\/well-grounded.org\/fr\/des-apiculteurs-en-larmes\/#article","isPartOf":{"@id":"https:\/\/well-grounded.org\/fr\/des-apiculteurs-en-larmes\/"},"author":{"name":"admin","@id":"https:\/\/well-grounded.org\/fr\/#\/schema\/person\/f20fe8e79d42d64d637f9f09bd10ee08"},"headline":"\u00ab\u00a0Des apiculteurs en larmes\u00a0\u00bb","datePublished":"2016-04-22T08:19:57+00:00","dateModified":"2022-03-11T13:48:54+00:00","mainEntityOfPage":{"@id":"https:\/\/well-grounded.org\/fr\/des-apiculteurs-en-larmes\/"},"wordCount":815,"commentCount":0,"publisher":{"@id":"https:\/\/well-grounded.org\/fr\/#organization"},"image":{"@id":"https:\/\/well-grounded.org\/fr\/des-apiculteurs-en-larmes\/#primaryimage"},"thumbnailUrl":"https:\/\/i0.wp.com\/well-grounded.org\/wp-content\/uploads\/2022\/03\/bushfire-1370757.jpg?fit=600%2C800&ssl=1","articleSection":["Nos clients","T\u00e9moignages du terrain"],"inLanguage":"fr-FR","potentialAction":[{"@type":"CommentAction","name":"Comment","target":["https:\/\/well-grounded.org\/fr\/des-apiculteurs-en-larmes\/#respond"]}]},{"@type":"WebPage","@id":"https:\/\/well-grounded.org\/fr\/des-apiculteurs-en-larmes\/","url":"https:\/\/well-grounded.org\/fr\/des-apiculteurs-en-larmes\/","name":"\"Des apiculteurs en larmes\" - Well Grounded","isPartOf":{"@id":"https:\/\/well-grounded.org\/fr\/#website"},"primaryImageOfPage":{"@id":"https:\/\/well-grounded.org\/fr\/des-apiculteurs-en-larmes\/#primaryimage"},"image":{"@id":"https:\/\/well-grounded.org\/fr\/des-apiculteurs-en-larmes\/#primaryimage"},"thumbnailUrl":"https:\/\/i0.wp.com\/well-grounded.org\/wp-content\/uploads\/2022\/03\/bushfire-1370757.jpg?fit=600%2C800&ssl=1","datePublished":"2016-04-22T08:19:57+00:00","dateModified":"2022-03-11T13:48:54+00:00","breadcrumb":{"@id":"https:\/\/well-grounded.org\/fr\/des-apiculteurs-en-larmes\/#breadcrumb"},"inLanguage":"fr-FR","potentialAction":[{"@type":"ReadAction","target":["https:\/\/well-grounded.org\/fr\/des-apiculteurs-en-larmes\/"]}]},{"@type":"ImageObject","inLanguage":"fr-FR","@id":"https:\/\/well-grounded.org\/fr\/des-apiculteurs-en-larmes\/#primaryimage","url":"https:\/\/i0.wp.com\/well-grounded.org\/wp-content\/uploads\/2022\/03\/bushfire-1370757.jpg?fit=600%2C800&ssl=1","contentUrl":"https:\/\/i0.wp.com\/well-grounded.org\/wp-content\/uploads\/2022\/03\/bushfire-1370757.jpg?fit=600%2C800&ssl=1","width":600,"height":800},{"@type":"BreadcrumbList","@id":"https:\/\/well-grounded.org\/fr\/des-apiculteurs-en-larmes\/#breadcrumb","itemListElement":[{"@type":"ListItem","position":1,"name":"Home","item":"https:\/\/well-grounded.org\/fr\/"},{"@type":"ListItem","position":2,"name":"&#8220;Des apiculteurs en larmes&#8221;"}]},{"@type":"WebSite","@id":"https:\/\/well-grounded.org\/fr\/#website","url":"https:\/\/well-grounded.org\/fr\/","name":"Well Grounded","description":"Empowering Civil Society","publisher":{"@id":"https:\/\/well-grounded.org\/fr\/#organization"},"potentialAction":[{"@type":"SearchAction","target":{"@type":"EntryPoint","urlTemplate":"https:\/\/well-grounded.org\/fr\/?s={search_term_string}"},"query-input":{"@type":"PropertyValueSpecification","valueRequired":true,"valueName":"search_term_string"}}],"inLanguage":"fr-FR"},{"@type":"Organization","@id":"https:\/\/well-grounded.org\/fr\/#organization","name":"Well Grounded","url":"https:\/\/well-grounded.org\/fr\/","logo":{"@type":"ImageObject","inLanguage":"fr-FR","@id":"https:\/\/well-grounded.org\/fr\/#\/schema\/logo\/image\/","url":"https:\/\/well-grounded.org\/wp-content\/uploads\/2022\/07\/Well-Grounded-Logo-with-tagline-no-Map.jpg","contentUrl":"https:\/\/well-grounded.org\/wp-content\/uploads\/2022\/07\/Well-Grounded-Logo-with-tagline-no-Map.jpg","width":1195,"height":809,"caption":"Well Grounded"},"image":{"@id":"https:\/\/well-grounded.org\/fr\/#\/schema\/logo\/image\/"}},{"@type":"Person","@id":"https:\/\/well-grounded.org\/fr\/#\/schema\/person\/f20fe8e79d42d64d637f9f09bd10ee08","name":"admin","image":{"@type":"ImageObject","inLanguage":"fr-FR","@id":"https:\/\/secure.gravatar.com\/avatar\/5496286fffac811aab67ce956df57577c44051ca9bb6f9b7d386353b0dd7a205?s=96&d=mm&r=g","url":"https:\/\/secure.gravatar.com\/avatar\/5496286fffac811aab67ce956df57577c44051ca9bb6f9b7d386353b0dd7a205?s=96&d=mm&r=g","contentUrl":"https:\/\/secure.gravatar.com\/avatar\/5496286fffac811aab67ce956df57577c44051ca9bb6f9b7d386353b0dd7a205?s=96&d=mm&r=g","caption":"admin"},"description":"This is a test of user profile update, using lea's picture and this text instead of an actual biography. Here is a new paragraph","url":"https:\/\/well-grounded.org\/fr\/author\/admin\/"}]}},"jetpack_featured_media_url":"https:\/\/i0.wp.com\/well-grounded.org\/wp-content\/uploads\/2022\/03\/bushfire-1370757.jpg?fit=600%2C800&ssl=1","jetpack_sharing_enabled":true,"_links":{"self":[{"href":"https:\/\/well-grounded.org\/fr\/wp-json\/wp\/v2\/posts\/5200","targetHints":{"allow":["GET"]}}],"collection":[{"href":"https:\/\/well-grounded.org\/fr\/wp-json\/wp\/v2\/posts"}],"about":[{"href":"https:\/\/well-grounded.org\/fr\/wp-json\/wp\/v2\/types\/post"}],"author":[{"embeddable":true,"href":"https:\/\/well-grounded.org\/fr\/wp-json\/wp\/v2\/users\/1"}],"replies":[{"embeddable":true,"href":"https:\/\/well-grounded.org\/fr\/wp-json\/wp\/v2\/comments?post=5200"}],"version-history":[{"count":0,"href":"https:\/\/well-grounded.org\/fr\/wp-json\/wp\/v2\/posts\/5200\/revisions"}],"wp:featuredmedia":[{"embeddable":true,"href":"https:\/\/well-grounded.org\/fr\/wp-json\/wp\/v2\/media\/4389"}],"wp:attachment":[{"href":"https:\/\/well-grounded.org\/fr\/wp-json\/wp\/v2\/media?parent=5200"}],"wp:term":[{"taxonomy":"category","embeddable":true,"href":"https:\/\/well-grounded.org\/fr\/wp-json\/wp\/v2\/categories?post=5200"},{"taxonomy":"post_tag","embeddable":true,"href":"https:\/\/well-grounded.org\/fr\/wp-json\/wp\/v2\/tags?post=5200"}],"curies":[{"name":"wp","href":"https:\/\/api.w.org\/{rel}","templated":true}]}}