{"id":5187,"date":"2017-03-27T09:16:17","date_gmt":"2017-03-27T09:16:17","guid":{"rendered":"https:\/\/well-grounded.org\/les-communautes-locales-placees-au-centre-de-la-gestion-de-la-foret-communautaire-en-rdc\/"},"modified":"2022-06-30T11:03:53","modified_gmt":"2022-06-30T11:03:53","slug":"les-communautes-locales-placees-au-centre-de-la-gestion-de-la-foret-communautaire-en-rdc","status":"publish","type":"post","link":"https:\/\/well-grounded.org\/fr\/les-communautes-locales-placees-au-centre-de-la-gestion-de-la-foret-communautaire-en-rdc\/","title":{"rendered":"Les communaut\u00e9s locales plac\u00e9es au centre de la Gestion de la For\u00eat Communautaire en RDC"},"content":{"rendered":"<div class=\"fusion-fullwidth fullwidth-box fusion-builder-row-1 fusion-flex-container nonhundred-percent-fullwidth non-hundred-percent-height-scrolling\" style=\"--awb-border-radius-top-left:0px;--awb-border-radius-top-right:0px;--awb-border-radius-bottom-right:0px;--awb-border-radius-bottom-left:0px;--awb-flex-wrap:wrap;\" ><div class=\"fusion-builder-row fusion-row fusion-flex-align-items-flex-start fusion-flex-content-wrap\" style=\"max-width:1331.2px;margin-left: calc(-4% \/ 2 );margin-right: calc(-4% \/ 2 );\"><div class=\"fusion-layout-column fusion_builder_column fusion-builder-column-0 fusion_builder_column_1_1 1_1 fusion-flex-column\" style=\"--awb-bg-size:cover;--awb-width-large:100%;--awb-margin-top-large:0px;--awb-spacing-right-large:1.92%;--awb-margin-bottom-large:0px;--awb-spacing-left-large:1.92%;--awb-width-medium:100%;--awb-spacing-right-medium:1.92%;--awb-spacing-left-medium:1.92%;--awb-width-small:100%;--awb-spacing-right-small:1.92%;--awb-spacing-left-small:1.92%;\"><div class=\"fusion-column-wrapper fusion-flex-justify-content-flex-start fusion-content-layout-column\"><div class=\"fusion-text fusion-text-1\"><style type=\"text\/css\"><\/style>\n<section class=\"kc-elm kc-css-928520 kc_row\">\n<div class=\"kc-row-container kc-container\">\n<div class=\"kc-wrap-columns\">\n<div class=\"kc-elm kc-css-3239120 kc_col-sm-12 kc_column kc_col-sm-12\">\n<div class=\"kc-col-container\">\n<div class=\"kc-elm kc-css-2042601 kc_text_block\">\n<p>Les diff\u00e9rents acteurs qui travaillent pour assurer la gestion durable des for\u00eats communautaires en R\u00e9publique D\u00e9mocratique du Congo (RDC) ont d\u00e9cid\u00e9 de placer les communaut\u00e9s locales au c\u0153ur de leur action.<\/p>\n<p>Depuis 2015, des acteurs nationaux et internationaux travaillent aux c\u00f4t\u00e9s du gouvernement de la RDC pour mettre en place une strat\u00e9gie qui assurera que les communaut\u00e9s foresti\u00e8res b\u00e9n\u00e9ficient de la gestion et de l\u2019usage de leurs for\u00eats. Ceci a \u00e9t\u00e9 en partie motiv\u00e9 par la publication de la loi foresti\u00e8re n\u00b0 011\/2002 du 29 Ao\u00fbt 2002.<\/p>\n<p>Le d\u00e9veloppement de la strat\u00e9gie a b\u00e9n\u00e9fici\u00e9 de la contribution d\u2019OSC congolaises, de repr\u00e9sentants communautaires, du gouvernement et d\u2019ONG internationales, notamment\u00a0\u00a0<a href=\"http:\/\/www.rainforestfoundationuk.org\/\">Rainforest Foundation Royaume-Uni<\/a>\u00a0(RFUK) et\u00a0<a href=\"http:\/\/www.regnskog.no\/en\/\">Rainforest Foundation Norv\u00e8ge<\/a>\u00a0(RFN). Ce type de collaboration est exemplaire, car rare dans le secteur du d\u00e9veloppement.<\/p>\n<p>Cette strat\u00e9gie a pour but d\u2019assurer aux communaut\u00e9s locales un r\u00f4le majeur dans la gestion durable et \u00e9quitable des for\u00eats pour am\u00e9liorer leurs conditions de vie, en particulier pour les populations autochtones, ceci dans le but d\u2019\u00e9liminer la pauvret\u00e9, tr\u00e8s redout\u00e9e.<\/p>\n<p>D\u2019apr\u00e8s M. Th\u00e9ophile Gata, directeur ex\u00e9cutif du\u00a0<a href=\"https:\/\/www.facebook.com\/cagdft\/\"><em>Centre D\u2019Appui \u00e0 la Gestion Durable des For\u00eats Tropicales<\/em><\/a>\u00a0(CAGDFT), \u00ab\u00a0ce processus [de foresterie communautaire] cherche \u00e0 assurer la contribution des communaut\u00e9s locales dans la gestion de leurs for\u00eats, et qu\u2019ils en r\u00e9coltent des b\u00e9n\u00e9fices durables\u00a0\u00bb<\/p>\n<ol start=\"2017\">\n<li>Gata a insist\u00e9 sur le besoin pour la soci\u00e9t\u00e9 civile, le gouvernement et les Organisations Non Gouvernementales Internationales (ONGI) de travailler de fa\u00e7on rapproch\u00e9e avec les communaut\u00e9s locales pour les encourager \u00e0 diriger le processus de gestion communautaire de la for\u00eat dans le pays. Il a fait cet appel durant la troisi\u00e8me conf\u00e9rence multi-acteurs sur la communaut\u00e9 foresti\u00e8re en RDC, qui a eu lieu \u00e0 Kinshasa le 15 et 16 f\u00e9vrier 2017. J\u2019ai particip\u00e9 \u00e0 cette conf\u00e9rence pour repr\u00e9senter Well Grounded.<\/li>\n<\/ol>\n<p>Cette troisi\u00e8me table ronde, d\u2019une s\u00e9rie de quatre, avait pour but de consolider la strat\u00e9gie nationale sur la communaut\u00e9 foresti\u00e8re. Plus de quatre-vingts personnes y ont particip\u00e9. Elle a servi de plateforme pour l\u2019\u00e9change de connaissances entre des acteurs vari\u00e9s, qui cherchent \u00e0 accroitre et garantir l\u2019implication des populations autochtones dans la gestion de leurs for\u00eats.<\/p>\n<p>Les participants ont d\u00e9fini plusieurs actions strat\u00e9giques qui permettront l\u2019obtention des objectifs de cette strat\u00e9gie :<\/p>\n<ol>\n<li><strong> l\u2019identification\u00a0<\/strong>de sites g\u00e9ographiques sp\u00e9cifiques pour mettre en place la phase pilote pendant les cinq prochaines ann\u00e9es\u00a0;<\/li>\n<li><strong> le renforcement de capacit\u00e9s des acteurs\u00a0<\/strong>au niveau national, provincial et local en prenant en compte leurs besoins contextuels pour assurer leur participation effective au processus de foresterie communautaire\u00a0;<\/li>\n<li><strong> la poursuite des objectifs strat\u00e9giques suivants :<\/strong><\/li>\n<\/ol>\n<ul>\n<li>s\u2019assurer que la gestion communautaire des for\u00eats facilite l\u2019usage effectif de concessions,<\/li>\n<li>contribuer \u00e0 la r\u00e9duction de la pauvret\u00e9, \u00e0 la paix et \u00e0 la coh\u00e9sion sociale dans les zones rurales et d\u00e9velopper des m\u00e9canismes pour la r\u00e9partition homog\u00e8ne des revenus de l\u2019exploitation des for\u00eats communautaires,<\/li>\n<li>garantir la protection l\u00e9gale des concessions pour que les communaut\u00e9s locales puissent promouvoir la valorisation des ressources foresti\u00e8res,<\/li>\n<li>d\u00e9velopper une expertise chez les communaut\u00e9s locales pour assurer la gestion effective des ressources foresti\u00e8res.<\/li>\n<\/ul>\n<p>Les participants \u00e0 la table ronde ont affirm\u00e9 que si ces objectifs sont atteints, la possibilit\u00e9 des communaut\u00e9s autochtones de b\u00e9n\u00e9ficier des ressources foresti\u00e8res augmentera.<\/p>\n<p>\u00ab\u00a0En tant que personne autochtone, si nous pouvons atteindre ces objectifs, la gestion des for\u00eats sera notre responsabilit\u00e9. Toutes les parties prenantes collaboreront dans cette gestion, et nous b\u00e9n\u00e9ficierons des ressources foresti\u00e8res\u00a0\u00bb, a d\u00e9clar\u00e9 R\u00e9gine Mboyo Loloko, coordinatrice de \u00a0\u00ab\u00a0Solidarit\u00e9 pour la Promotion des Femmes Autochtones\u00a0\u00bb, une organisation bas\u00e9e dans la province de l\u2019Equateur.<\/p>\n<p>Une telle strat\u00e9gie est la bienvenue. La question cl\u00e9 est de savoir comment elle sera appliqu\u00e9e de fa\u00e7on inclusive en donnant aux communaut\u00e9s locales la place qui lui revient.<\/p>\n<p>NB:<\/p>\n<p><em>Les participants \u00e0 la table ronde incluaient des acteurs de la soci\u00e9t\u00e9 civile nationale, les ministres du D\u00e9veloppement urbain, de l\u2019agriculture et de l\u2019environnement et du D\u00e9veloppement durable, des ONG internationales telles que Well Grounded, Rainforest Foundation Norv\u00e8ge and Rainforest Foundation Royaume Uni, qui soutiennent le processus de foresterie communautaire en RDC avec le soutien du\u00a0<\/em><a href=\"https:\/\/www.gov.uk\/government\/organisations\/department-for-international-development\"><em>D\u00e9partement du Royaume Uni pour le D\u00e9veloppement International<\/em><\/a><em>\u00a0(DFID).<\/em><\/p>\n<p><em>La table ronde \u00e9tait organis\u00e9e par le projet For\u00eats communautaires en RDC. Ce projet est g\u00e9r\u00e9 par un consortium et financ\u00e9 par le DfID. Il rassemble plusieurs organisations de la soci\u00e9t\u00e9 civile internationales et congolaises dans le but de r\u00e9duire la pauvret\u00e9, d\u2019am\u00e9liorer les moyens de subsistance en zone rurale et de r\u00e9duire la d\u00e9forestation dans le bassin du Congo.<\/em><\/p>\n<\/div>\n<\/div>\n<\/div>\n<\/div>\n<\/div>\n<\/section>\n<\/div><\/div><\/div><\/div><\/div>\n","protected":false},"excerpt":{"rendered":"","protected":false},"author":1,"featured_media":4350,"comment_status":"open","ping_status":"open","sticky":false,"template":"","format":"standard","meta":{"_jetpack_memberships_contains_paid_content":false,"footnotes":""},"categories":[284],"tags":[],"class_list":["post-5187","post","type-post","status-publish","format-standard","has-post-thumbnail","hentry","category-temoignages-du-terrain"],"yoast_head":"<!-- This site is optimized with the Yoast SEO plugin v27.4 - https:\/\/yoast.com\/product\/yoast-seo-wordpress\/ -->\n<title>Les communaut\u00e9s locales plac\u00e9es au centre de la Gestion de la For\u00eat Communautaire en RDC - Well Grounded<\/title>\n<meta name=\"robots\" content=\"index, follow, max-snippet:-1, max-image-preview:large, max-video-preview:-1\" \/>\n<link rel=\"canonical\" href=\"https:\/\/well-grounded.org\/fr\/les-communautes-locales-placees-au-centre-de-la-gestion-de-la-foret-communautaire-en-rdc\/\" \/>\n<meta property=\"og:locale\" content=\"fr_FR\" \/>\n<meta property=\"og:type\" content=\"article\" \/>\n<meta property=\"og:title\" content=\"Les communaut\u00e9s locales plac\u00e9es au centre de la Gestion de la For\u00eat Communautaire en RDC - Well Grounded\" \/>\n<meta property=\"og:url\" content=\"https:\/\/well-grounded.org\/fr\/les-communautes-locales-placees-au-centre-de-la-gestion-de-la-foret-communautaire-en-rdc\/\" \/>\n<meta property=\"og:site_name\" content=\"Well Grounded\" \/>\n<meta property=\"article:published_time\" content=\"2017-03-27T09:16:17+00:00\" \/>\n<meta property=\"article:modified_time\" content=\"2022-06-30T11:03:53+00:00\" \/>\n<meta property=\"og:image\" content=\"https:\/\/i0.wp.com\/well-grounded.org\/wp-content\/uploads\/2022\/03\/roundtable_drc-scaled.jpg?fit=2560%2C1696&ssl=1\" \/>\n\t<meta property=\"og:image:width\" content=\"2560\" \/>\n\t<meta property=\"og:image:height\" content=\"1696\" \/>\n\t<meta property=\"og:image:type\" content=\"image\/jpeg\" \/>\n<meta name=\"author\" content=\"admin\" \/>\n<meta name=\"twitter:card\" content=\"summary_large_image\" \/>\n<meta name=\"twitter:label1\" content=\"\u00c9crit par\" \/>\n\t<meta name=\"twitter:data1\" content=\"admin\" \/>\n\t<meta name=\"twitter:label2\" content=\"Dur\u00e9e de lecture estim\u00e9e\" \/>\n\t<meta name=\"twitter:data2\" content=\"15 minutes\" \/>\n<!-- \/ Yoast SEO plugin. -->","yoast_head_json":{"title":"Les communaut\u00e9s locales plac\u00e9es au centre de la Gestion de la For\u00eat Communautaire en RDC - Well Grounded","robots":{"index":"index","follow":"follow","max-snippet":"max-snippet:-1","max-image-preview":"max-image-preview:large","max-video-preview":"max-video-preview:-1"},"canonical":"https:\/\/well-grounded.org\/fr\/les-communautes-locales-placees-au-centre-de-la-gestion-de-la-foret-communautaire-en-rdc\/","og_locale":"fr_FR","og_type":"article","og_title":"Les communaut\u00e9s locales plac\u00e9es au centre de la Gestion de la For\u00eat Communautaire en RDC - Well Grounded","og_url":"https:\/\/well-grounded.org\/fr\/les-communautes-locales-placees-au-centre-de-la-gestion-de-la-foret-communautaire-en-rdc\/","og_site_name":"Well Grounded","article_published_time":"2017-03-27T09:16:17+00:00","article_modified_time":"2022-06-30T11:03:53+00:00","og_image":[{"width":2560,"height":1696,"url":"https:\/\/i0.wp.com\/well-grounded.org\/wp-content\/uploads\/2022\/03\/roundtable_drc-scaled.jpg?fit=2560%2C1696&ssl=1","type":"image\/jpeg"}],"author":"admin","twitter_card":"summary_large_image","twitter_misc":{"\u00c9crit par":"admin","Dur\u00e9e de lecture estim\u00e9e":"15 minutes"},"schema":{"@context":"https:\/\/schema.org","@graph":[{"@type":"Article","@id":"https:\/\/well-grounded.org\/fr\/les-communautes-locales-placees-au-centre-de-la-gestion-de-la-foret-communautaire-en-rdc\/#article","isPartOf":{"@id":"https:\/\/well-grounded.org\/fr\/les-communautes-locales-placees-au-centre-de-la-gestion-de-la-foret-communautaire-en-rdc\/"},"author":{"name":"admin","@id":"https:\/\/well-grounded.org\/fr\/#\/schema\/person\/f20fe8e79d42d64d637f9f09bd10ee08"},"headline":"Les communaut\u00e9s locales plac\u00e9es au centre de la Gestion de la For\u00eat Communautaire en RDC","datePublished":"2017-03-27T09:16:17+00:00","dateModified":"2022-06-30T11:03:53+00:00","mainEntityOfPage":{"@id":"https:\/\/well-grounded.org\/fr\/les-communautes-locales-placees-au-centre-de-la-gestion-de-la-foret-communautaire-en-rdc\/"},"wordCount":1104,"commentCount":0,"publisher":{"@id":"https:\/\/well-grounded.org\/fr\/#organization"},"image":{"@id":"https:\/\/well-grounded.org\/fr\/les-communautes-locales-placees-au-centre-de-la-gestion-de-la-foret-communautaire-en-rdc\/#primaryimage"},"thumbnailUrl":"https:\/\/i0.wp.com\/well-grounded.org\/wp-content\/uploads\/2022\/03\/roundtable_drc-scaled.jpg?fit=2560%2C1696&ssl=1","articleSection":["T\u00e9moignages du terrain"],"inLanguage":"fr-FR","potentialAction":[{"@type":"CommentAction","name":"Comment","target":["https:\/\/well-grounded.org\/fr\/les-communautes-locales-placees-au-centre-de-la-gestion-de-la-foret-communautaire-en-rdc\/#respond"]}]},{"@type":"WebPage","@id":"https:\/\/well-grounded.org\/fr\/les-communautes-locales-placees-au-centre-de-la-gestion-de-la-foret-communautaire-en-rdc\/","url":"https:\/\/well-grounded.org\/fr\/les-communautes-locales-placees-au-centre-de-la-gestion-de-la-foret-communautaire-en-rdc\/","name":"Les communaut\u00e9s locales plac\u00e9es au centre de la Gestion de la For\u00eat Communautaire en RDC - Well Grounded","isPartOf":{"@id":"https:\/\/well-grounded.org\/fr\/#website"},"primaryImageOfPage":{"@id":"https:\/\/well-grounded.org\/fr\/les-communautes-locales-placees-au-centre-de-la-gestion-de-la-foret-communautaire-en-rdc\/#primaryimage"},"image":{"@id":"https:\/\/well-grounded.org\/fr\/les-communautes-locales-placees-au-centre-de-la-gestion-de-la-foret-communautaire-en-rdc\/#primaryimage"},"thumbnailUrl":"https:\/\/i0.wp.com\/well-grounded.org\/wp-content\/uploads\/2022\/03\/roundtable_drc-scaled.jpg?fit=2560%2C1696&ssl=1","datePublished":"2017-03-27T09:16:17+00:00","dateModified":"2022-06-30T11:03:53+00:00","breadcrumb":{"@id":"https:\/\/well-grounded.org\/fr\/les-communautes-locales-placees-au-centre-de-la-gestion-de-la-foret-communautaire-en-rdc\/#breadcrumb"},"inLanguage":"fr-FR","potentialAction":[{"@type":"ReadAction","target":["https:\/\/well-grounded.org\/fr\/les-communautes-locales-placees-au-centre-de-la-gestion-de-la-foret-communautaire-en-rdc\/"]}]},{"@type":"ImageObject","inLanguage":"fr-FR","@id":"https:\/\/well-grounded.org\/fr\/les-communautes-locales-placees-au-centre-de-la-gestion-de-la-foret-communautaire-en-rdc\/#primaryimage","url":"https:\/\/i0.wp.com\/well-grounded.org\/wp-content\/uploads\/2022\/03\/roundtable_drc-scaled.jpg?fit=2560%2C1696&ssl=1","contentUrl":"https:\/\/i0.wp.com\/well-grounded.org\/wp-content\/uploads\/2022\/03\/roundtable_drc-scaled.jpg?fit=2560%2C1696&ssl=1","width":2560,"height":1696},{"@type":"BreadcrumbList","@id":"https:\/\/well-grounded.org\/fr\/les-communautes-locales-placees-au-centre-de-la-gestion-de-la-foret-communautaire-en-rdc\/#breadcrumb","itemListElement":[{"@type":"ListItem","position":1,"name":"Home","item":"https:\/\/well-grounded.org\/fr\/"},{"@type":"ListItem","position":2,"name":"Les communaut\u00e9s locales plac\u00e9es au centre de la Gestion de la For\u00eat Communautaire en RDC"}]},{"@type":"WebSite","@id":"https:\/\/well-grounded.org\/fr\/#website","url":"https:\/\/well-grounded.org\/fr\/","name":"Well Grounded","description":"Empowering Civil Society","publisher":{"@id":"https:\/\/well-grounded.org\/fr\/#organization"},"potentialAction":[{"@type":"SearchAction","target":{"@type":"EntryPoint","urlTemplate":"https:\/\/well-grounded.org\/fr\/?s={search_term_string}"},"query-input":{"@type":"PropertyValueSpecification","valueRequired":true,"valueName":"search_term_string"}}],"inLanguage":"fr-FR"},{"@type":"Organization","@id":"https:\/\/well-grounded.org\/fr\/#organization","name":"Well Grounded","url":"https:\/\/well-grounded.org\/fr\/","logo":{"@type":"ImageObject","inLanguage":"fr-FR","@id":"https:\/\/well-grounded.org\/fr\/#\/schema\/logo\/image\/","url":"https:\/\/well-grounded.org\/wp-content\/uploads\/2022\/07\/Well-Grounded-Logo-with-tagline-no-Map.jpg","contentUrl":"https:\/\/well-grounded.org\/wp-content\/uploads\/2022\/07\/Well-Grounded-Logo-with-tagline-no-Map.jpg","width":1195,"height":809,"caption":"Well Grounded"},"image":{"@id":"https:\/\/well-grounded.org\/fr\/#\/schema\/logo\/image\/"}},{"@type":"Person","@id":"https:\/\/well-grounded.org\/fr\/#\/schema\/person\/f20fe8e79d42d64d637f9f09bd10ee08","name":"admin","image":{"@type":"ImageObject","inLanguage":"fr-FR","@id":"https:\/\/secure.gravatar.com\/avatar\/5496286fffac811aab67ce956df57577c44051ca9bb6f9b7d386353b0dd7a205?s=96&d=mm&r=g","url":"https:\/\/secure.gravatar.com\/avatar\/5496286fffac811aab67ce956df57577c44051ca9bb6f9b7d386353b0dd7a205?s=96&d=mm&r=g","contentUrl":"https:\/\/secure.gravatar.com\/avatar\/5496286fffac811aab67ce956df57577c44051ca9bb6f9b7d386353b0dd7a205?s=96&d=mm&r=g","caption":"admin"},"description":"This is a test of user profile update, using lea's picture and this text instead of an actual biography. Here is a new paragraph","url":"https:\/\/well-grounded.org\/fr\/author\/admin\/"}]}},"jetpack_featured_media_url":"https:\/\/i0.wp.com\/well-grounded.org\/wp-content\/uploads\/2022\/03\/roundtable_drc-scaled.jpg?fit=2560%2C1696&ssl=1","jetpack_sharing_enabled":true,"_links":{"self":[{"href":"https:\/\/well-grounded.org\/fr\/wp-json\/wp\/v2\/posts\/5187","targetHints":{"allow":["GET"]}}],"collection":[{"href":"https:\/\/well-grounded.org\/fr\/wp-json\/wp\/v2\/posts"}],"about":[{"href":"https:\/\/well-grounded.org\/fr\/wp-json\/wp\/v2\/types\/post"}],"author":[{"embeddable":true,"href":"https:\/\/well-grounded.org\/fr\/wp-json\/wp\/v2\/users\/1"}],"replies":[{"embeddable":true,"href":"https:\/\/well-grounded.org\/fr\/wp-json\/wp\/v2\/comments?post=5187"}],"version-history":[{"count":0,"href":"https:\/\/well-grounded.org\/fr\/wp-json\/wp\/v2\/posts\/5187\/revisions"}],"wp:featuredmedia":[{"embeddable":true,"href":"https:\/\/well-grounded.org\/fr\/wp-json\/wp\/v2\/media\/4350"}],"wp:attachment":[{"href":"https:\/\/well-grounded.org\/fr\/wp-json\/wp\/v2\/media?parent=5187"}],"wp:term":[{"taxonomy":"category","embeddable":true,"href":"https:\/\/well-grounded.org\/fr\/wp-json\/wp\/v2\/categories?post=5187"},{"taxonomy":"post_tag","embeddable":true,"href":"https:\/\/well-grounded.org\/fr\/wp-json\/wp\/v2\/tags?post=5187"}],"curies":[{"name":"wp","href":"https:\/\/api.w.org\/{rel}","templated":true}]}}