{"id":5180,"date":"2017-11-13T12:51:23","date_gmt":"2017-11-13T12:51:23","guid":{"rendered":"https:\/\/well-grounded.org\/laction-dokani-dans-le-gbabandi-et-le-developpement-des-populations-autochtones\/"},"modified":"2022-06-30T10:38:20","modified_gmt":"2022-06-30T10:38:20","slug":"laction-dokani-dans-le-gbabandi-et-le-developpement-des-populations-autochtones","status":"publish","type":"post","link":"https:\/\/well-grounded.org\/fr\/laction-dokani-dans-le-gbabandi-et-le-developpement-des-populations-autochtones\/","title":{"rendered":"L\u2019action d\u2019OKANI dans Gbabandi et le d\u00e9veloppement des populations autochtones"},"content":{"rendered":"<div class=\"fusion-fullwidth fullwidth-box fusion-builder-row-1 fusion-flex-container nonhundred-percent-fullwidth non-hundred-percent-height-scrolling\" style=\"--awb-border-radius-top-left:0px;--awb-border-radius-top-right:0px;--awb-border-radius-bottom-right:0px;--awb-border-radius-bottom-left:0px;--awb-flex-wrap:wrap;\" ><div class=\"fusion-builder-row fusion-row fusion-flex-align-items-flex-start fusion-flex-content-wrap\" style=\"max-width:1331.2px;margin-left: calc(-4% \/ 2 );margin-right: calc(-4% \/ 2 );\"><div class=\"fusion-layout-column fusion_builder_column fusion-builder-column-0 fusion_builder_column_1_1 1_1 fusion-flex-column\" style=\"--awb-bg-size:cover;--awb-width-large:100%;--awb-margin-top-large:0px;--awb-spacing-right-large:1.92%;--awb-margin-bottom-large:0px;--awb-spacing-left-large:1.92%;--awb-width-medium:100%;--awb-spacing-right-medium:1.92%;--awb-spacing-left-medium:1.92%;--awb-width-small:100%;--awb-spacing-right-small:1.92%;--awb-spacing-left-small:1.92%;\"><div class=\"fusion-column-wrapper fusion-flex-justify-content-flex-start fusion-content-layout-column\"><div class=\"fusion-text fusion-text-1\"><style type=\"text\/css\"><\/style>\n<section class=\"kc-elm kc-css-2633679 kc_row\">\n<div class=\"kc-row-container kc-container\">\n<div class=\"kc-wrap-columns\">\n<div class=\"kc-elm kc-css-1156777 kc_col-sm-12 kc_column kc_col-sm-12\">\n<div class=\"kc-col-container\">\n<div class=\"kc-elm kc-css-749818 kc_text_block\">\n<p><a href=\"https:\/\/associationokani.wordpress.com\/2012\/05\/31\/hello-world\/\">OKANI<\/a>\u00a0est une organisation qui a pour vision \u00ab Une soci\u00e9t\u00e9 solidaire o\u00f9 le respect des Droits, l\u2019\u00e9quit\u00e9 et l\u2019\u00e9panouissement de tous les peuples autochtones des for\u00eats du Cameroun sont assur\u00e9s\u00bb.\u00a0La mission qui accompagne cette vision consiste \u00e0 \u00ab Accompagner les Peuples Autochtones des for\u00eats du Cameroun dans l\u2019am\u00e9lioration de leurs conditions de vie \u00e0 travers la promotion et le respect de leurs Droits \u00bb.<br \/>\nDepuis sa cr\u00e9ation il y a 11 ans, OKANI a men\u00e9 plusieurs projets avec l\u2019appui de partenaires techniques et financiers divers pour l\u2019am\u00e9lioration des conditions de vie des peuples autochtones des for\u00eats du Cameroun, dans les domaines suivants.<\/p>\n<h3><span style=\"color: #333333;\"><strong>\u00c9ducation<\/strong><\/span><\/h3>\n<p>Valorisation de l\u2019\u00e9ducation en langue Baka \u00e0 travers l\u2019utilisation de la m\u00e9thode ORA (Observer, R\u00e9fl\u00e9chir, Agir), et collecte des donn\u00e9es sur l\u2019\u00e9tat et la progression de l\u2019acc\u00e8s des enfants Baka \u00e0 la scolarisation.<\/p>\n<h3><span style=\"color: #333333;\"><strong>La cartographie\/monitoring<\/strong><\/span><\/h3>\n<p><strong>La cartographie participative<\/strong><br \/>\nOKANI a men\u00e9 plusieurs activit\u00e9s de cartographie qui concernaient entre autres\u00a0:<\/p>\n<ul>\n<li>la cartographie des villages autochtones se trouvant \u00e0 proximit\u00e9 des aires prot\u00e9g\u00e9es, des concessions foresti\u00e8res et mini\u00e8res,<\/li>\n<li>la cartographie des sites culturels autochtones.<\/li>\n<\/ul>\n<p>Les cartes issues des diff\u00e9rentes activit\u00e9s permettent de soutenir des actions de plaidoyer en vue de la protection des territoires des PA.<br \/>\n<strong>Le monitoring \u00e0 base communautaire<\/strong><br \/>\nLe monitoring est un syst\u00e8me de collecte des donn\u00e9es en vue de la surveillance du territoire et des enjeux qui y sont recens\u00e9s. Cette technique de surveillance du territoire prend en compte le CLIP (Consentement libre, inform\u00e9 et pr\u00e9alable) et associe les communaut\u00e9s autochtones de base.<br \/>\n<strong>La promotion de l\u2019agriculture et de la valorisation des PFNL<\/strong><br \/>\nPlusieurs communaut\u00e9s ont re\u00e7u des appuis pour d\u00e9marrer un projet d\u2019agriculture afin d\u2019avoir une autonomie alimentaire et de pouvoir se soustraire \u00e0 la servitude chez les populations dominantes.<\/p>\n<h3><span style=\"color: #333333;\"><strong>Le leadership<\/strong><\/span><\/h3>\n<p>OKANI a men\u00e9 plusieurs activit\u00e9s de renforcement des capacit\u00e9s des associations autochtones de base sur le leadership. Ceci en vue de voir na\u00eetre une g\u00e9n\u00e9ration d\u2019autochtones capable de prendre en main l\u2019avenir et le destin de leurs communaut\u00e9s \u00e0 travers un syst\u00e8me de repr\u00e9sentativit\u00e9 cr\u00e9dible et l\u00e9gitime.<\/p>\n<h3><span style=\"color: #333333;\"><strong>Les droits fonciers<\/strong><\/span><\/h3>\n<p>Dans le cadre des activit\u00e9s li\u00e9es au droits foncier des PAF-Cam, OKANI a men\u00e9 plusieurs actions de plaidoyer au niveau local et national pour la prise en compte des droits des populations autochtones riveraines dans la r\u00e9serve foresti\u00e8re et faunique de Ngoyla Mintom.<br \/>\n<strong>Gbabandi\u00a0: la plateforme des peuples autochtones des for\u00eats du Cameroun\u00a0<\/strong><br \/>\nL\u2019objectif de cette plateforme est celui d\u2019une meilleure repr\u00e9sentativit\u00e9 des Peuples Autochtones des for\u00eats du Cameroun sur la sph\u00e8re locale, nationale et internationale pour mieux revendiquer leurs droits au travers d\u2019actions de plaidoyer. Le\u00a012 septembre 2017, Gbabandi a fait une d\u00e9claration sur le foncier.<br \/>\n<strong>La d\u00e9claration de Gbabandi sur le foncier<\/strong><br \/>\nCette d\u00e9claration portait sur six axes prioritaires en rapport avec le droit foncier des PAF-Cam, \u00e0 savoir :<\/p>\n<ol>\n<li><em>le Droit \u00e0 la terre,<\/em><\/li>\n<li><em>le droit au CLIP et \u00e0 la participation,<\/em><\/li>\n<li><em>le droit au partage des b\u00e9n\u00e9fices,<\/em><\/li>\n<li><em>le droit \u00e0 la valorisation des connaissances traditionnelles,<\/em><\/li>\n<li><em>le droit \u00e0 l\u2019autod\u00e9termination,<\/em><\/li>\n<li><em>les chefferies traditionnelles autochtones.<\/em><\/li>\n<\/ol>\n<p>La d\u00e9claration du Gbabandi sur le foncier avait pour objectif de faire entendre la voix les communaut\u00e9s autochtones des for\u00eats du Cameroun sur leur pr\u00e9occupation par rapport \u00e0 l\u2019acc\u00e8s et \u00e0 la pleine jouissance de leurs terres ancestrales.<br \/>\n<strong>L\u2019appui de Well Grounded dans notre lutte pour les droits des Populations Autochtones<\/strong><br \/>\nL\u2019appui de Well Grounded est tr\u00e8s important pour OKANI dans la mesure o\u00f9 il nous aide \u00e0 bien enraciner l\u2019organisation afin qu\u2019elle devienne efficace, efficiente et performante dans ses domaines d\u2019intervention. En effet, si en tant qu\u2019organisation de d\u00e9veloppement nous ne sommes pas bien organis\u00e9s du point de vue de notre strat\u00e9gie, nous n\u2019allons pas pouvoir \u00eatre efficaces dans les actions que nous allons mener aupr\u00e8s des communaut\u00e9s.<br \/>\nWell Grounded travaille avec OKANI depuis bient\u00f4t un an dans la construction de sa strat\u00e9gie d\u2019intervention pour ses actions de d\u00e9veloppement. OKANI a d\u00e9sormais une vision et une mission qui ont permis de d\u00e9velopper des axes strat\u00e9giques permettant de mieux aborder les probl\u00e8mes qu\u2019elle veut r\u00e9soudre dans les communaut\u00e9s autochtones.<br \/>\nNotre collaboration avec Well Grounded nous a permis de d\u00e9couvrir nous-m\u00eames nos domaines prioritaires et de trouver des moyens pour les mettre en \u0153uvre. D\u2019autre part nous avons trouv\u00e9 notre sp\u00e9cificit\u00e9 en tant qu\u2019organisation de d\u00e9fense des droits des PA. Cette sp\u00e9cificit\u00e9 nous ouvre des horizons plus larges du point de vue de la recherche des partenaires techniques et financiers.<br \/>\nLa Collaboration que nous avons avec Well Grounded nous est tr\u00e8s b\u00e9n\u00e9fique. OKANI grandit et continue sa marche pour les droits des communaut\u00e9s autochtones des for\u00eats du Cameroun en toute s\u00e9r\u00e9nit\u00e9.<\/p>\n<\/div>\n<\/div>\n<\/div>\n<\/div>\n<\/div>\n<\/section>\n<\/div><\/div><\/div><\/div><\/div>\n","protected":false},"excerpt":{"rendered":"","protected":false},"author":1,"featured_media":4325,"comment_status":"open","ping_status":"open","sticky":false,"template":"","format":"standard","meta":{"_jetpack_memberships_contains_paid_content":false,"footnotes":""},"categories":[281],"tags":[27,28,29,30,31],"class_list":["post-5180","post","type-post","status-publish","format-standard","has-post-thumbnail","hentry","category-nos-clients","tag-activites","tag-cameroun","tag-droits","tag-okani","tag-populations-autochtones"],"yoast_head":"<!-- This site is optimized with the Yoast SEO plugin v27.4 - https:\/\/yoast.com\/product\/yoast-seo-wordpress\/ -->\n<title>L\u2019action d\u2019OKANI dans Gbabandi et le d\u00e9veloppement des populations autochtones - Well Grounded<\/title>\n<meta name=\"robots\" content=\"index, follow, max-snippet:-1, max-image-preview:large, max-video-preview:-1\" \/>\n<link rel=\"canonical\" href=\"https:\/\/well-grounded.org\/fr\/laction-dokani-dans-le-gbabandi-et-le-developpement-des-populations-autochtones\/\" \/>\n<meta property=\"og:locale\" content=\"fr_FR\" \/>\n<meta property=\"og:type\" content=\"article\" \/>\n<meta property=\"og:title\" content=\"L\u2019action d\u2019OKANI dans Gbabandi et le d\u00e9veloppement des populations autochtones - Well Grounded\" \/>\n<meta property=\"og:url\" content=\"https:\/\/well-grounded.org\/fr\/laction-dokani-dans-le-gbabandi-et-le-developpement-des-populations-autochtones\/\" \/>\n<meta property=\"og:site_name\" content=\"Well Grounded\" \/>\n<meta property=\"article:published_time\" content=\"2017-11-13T12:51:23+00:00\" \/>\n<meta property=\"article:modified_time\" content=\"2022-06-30T10:38:20+00:00\" \/>\n<meta property=\"og:image\" content=\"https:\/\/i0.wp.com\/well-grounded.org\/wp-content\/uploads\/2022\/03\/indigenous_cam_2.jpg?fit=560%2C292&ssl=1\" \/>\n\t<meta property=\"og:image:width\" content=\"560\" \/>\n\t<meta property=\"og:image:height\" content=\"292\" \/>\n\t<meta property=\"og:image:type\" content=\"image\/jpeg\" \/>\n<meta name=\"author\" content=\"admin\" \/>\n<meta name=\"twitter:card\" content=\"summary_large_image\" \/>\n<meta name=\"twitter:label1\" content=\"\u00c9crit par\" \/>\n\t<meta name=\"twitter:data1\" content=\"admin\" \/>\n\t<meta name=\"twitter:label2\" content=\"Dur\u00e9e de lecture estim\u00e9e\" \/>\n\t<meta name=\"twitter:data2\" content=\"15 minutes\" \/>\n<!-- \/ Yoast SEO plugin. -->","yoast_head_json":{"title":"L\u2019action d\u2019OKANI dans Gbabandi et le d\u00e9veloppement des populations autochtones - Well Grounded","robots":{"index":"index","follow":"follow","max-snippet":"max-snippet:-1","max-image-preview":"max-image-preview:large","max-video-preview":"max-video-preview:-1"},"canonical":"https:\/\/well-grounded.org\/fr\/laction-dokani-dans-le-gbabandi-et-le-developpement-des-populations-autochtones\/","og_locale":"fr_FR","og_type":"article","og_title":"L\u2019action d\u2019OKANI dans Gbabandi et le d\u00e9veloppement des populations autochtones - Well Grounded","og_url":"https:\/\/well-grounded.org\/fr\/laction-dokani-dans-le-gbabandi-et-le-developpement-des-populations-autochtones\/","og_site_name":"Well Grounded","article_published_time":"2017-11-13T12:51:23+00:00","article_modified_time":"2022-06-30T10:38:20+00:00","og_image":[{"width":560,"height":292,"url":"https:\/\/i0.wp.com\/well-grounded.org\/wp-content\/uploads\/2022\/03\/indigenous_cam_2.jpg?fit=560%2C292&ssl=1","type":"image\/jpeg"}],"author":"admin","twitter_card":"summary_large_image","twitter_misc":{"\u00c9crit par":"admin","Dur\u00e9e de lecture estim\u00e9e":"15 minutes"},"schema":{"@context":"https:\/\/schema.org","@graph":[{"@type":"Article","@id":"https:\/\/well-grounded.org\/fr\/laction-dokani-dans-le-gbabandi-et-le-developpement-des-populations-autochtones\/#article","isPartOf":{"@id":"https:\/\/well-grounded.org\/fr\/laction-dokani-dans-le-gbabandi-et-le-developpement-des-populations-autochtones\/"},"author":{"name":"admin","@id":"https:\/\/well-grounded.org\/fr\/#\/schema\/person\/f20fe8e79d42d64d637f9f09bd10ee08"},"headline":"L\u2019action d\u2019OKANI dans Gbabandi et le d\u00e9veloppement des populations autochtones","datePublished":"2017-11-13T12:51:23+00:00","dateModified":"2022-06-30T10:38:20+00:00","mainEntityOfPage":{"@id":"https:\/\/well-grounded.org\/fr\/laction-dokani-dans-le-gbabandi-et-le-developpement-des-populations-autochtones\/"},"wordCount":1107,"commentCount":0,"publisher":{"@id":"https:\/\/well-grounded.org\/fr\/#organization"},"image":{"@id":"https:\/\/well-grounded.org\/fr\/laction-dokani-dans-le-gbabandi-et-le-developpement-des-populations-autochtones\/#primaryimage"},"thumbnailUrl":"https:\/\/i0.wp.com\/well-grounded.org\/wp-content\/uploads\/2022\/03\/indigenous_cam_2.jpg?fit=560%2C292&ssl=1","keywords":["activit\u00e9s","Cameroun","droits","Okani","populations autochtones"],"articleSection":["Nos clients"],"inLanguage":"fr-FR","potentialAction":[{"@type":"CommentAction","name":"Comment","target":["https:\/\/well-grounded.org\/fr\/laction-dokani-dans-le-gbabandi-et-le-developpement-des-populations-autochtones\/#respond"]}]},{"@type":"WebPage","@id":"https:\/\/well-grounded.org\/fr\/laction-dokani-dans-le-gbabandi-et-le-developpement-des-populations-autochtones\/","url":"https:\/\/well-grounded.org\/fr\/laction-dokani-dans-le-gbabandi-et-le-developpement-des-populations-autochtones\/","name":"L\u2019action d\u2019OKANI dans Gbabandi et le d\u00e9veloppement des populations autochtones - Well Grounded","isPartOf":{"@id":"https:\/\/well-grounded.org\/fr\/#website"},"primaryImageOfPage":{"@id":"https:\/\/well-grounded.org\/fr\/laction-dokani-dans-le-gbabandi-et-le-developpement-des-populations-autochtones\/#primaryimage"},"image":{"@id":"https:\/\/well-grounded.org\/fr\/laction-dokani-dans-le-gbabandi-et-le-developpement-des-populations-autochtones\/#primaryimage"},"thumbnailUrl":"https:\/\/i0.wp.com\/well-grounded.org\/wp-content\/uploads\/2022\/03\/indigenous_cam_2.jpg?fit=560%2C292&ssl=1","datePublished":"2017-11-13T12:51:23+00:00","dateModified":"2022-06-30T10:38:20+00:00","breadcrumb":{"@id":"https:\/\/well-grounded.org\/fr\/laction-dokani-dans-le-gbabandi-et-le-developpement-des-populations-autochtones\/#breadcrumb"},"inLanguage":"fr-FR","potentialAction":[{"@type":"ReadAction","target":["https:\/\/well-grounded.org\/fr\/laction-dokani-dans-le-gbabandi-et-le-developpement-des-populations-autochtones\/"]}]},{"@type":"ImageObject","inLanguage":"fr-FR","@id":"https:\/\/well-grounded.org\/fr\/laction-dokani-dans-le-gbabandi-et-le-developpement-des-populations-autochtones\/#primaryimage","url":"https:\/\/i0.wp.com\/well-grounded.org\/wp-content\/uploads\/2022\/03\/indigenous_cam_2.jpg?fit=560%2C292&ssl=1","contentUrl":"https:\/\/i0.wp.com\/well-grounded.org\/wp-content\/uploads\/2022\/03\/indigenous_cam_2.jpg?fit=560%2C292&ssl=1","width":560,"height":292},{"@type":"BreadcrumbList","@id":"https:\/\/well-grounded.org\/fr\/laction-dokani-dans-le-gbabandi-et-le-developpement-des-populations-autochtones\/#breadcrumb","itemListElement":[{"@type":"ListItem","position":1,"name":"Home","item":"https:\/\/well-grounded.org\/fr\/"},{"@type":"ListItem","position":2,"name":"L\u2019action d\u2019OKANI dans Gbabandi et le d\u00e9veloppement des populations autochtones"}]},{"@type":"WebSite","@id":"https:\/\/well-grounded.org\/fr\/#website","url":"https:\/\/well-grounded.org\/fr\/","name":"Well Grounded","description":"Empowering Civil Society","publisher":{"@id":"https:\/\/well-grounded.org\/fr\/#organization"},"potentialAction":[{"@type":"SearchAction","target":{"@type":"EntryPoint","urlTemplate":"https:\/\/well-grounded.org\/fr\/?s={search_term_string}"},"query-input":{"@type":"PropertyValueSpecification","valueRequired":true,"valueName":"search_term_string"}}],"inLanguage":"fr-FR"},{"@type":"Organization","@id":"https:\/\/well-grounded.org\/fr\/#organization","name":"Well Grounded","url":"https:\/\/well-grounded.org\/fr\/","logo":{"@type":"ImageObject","inLanguage":"fr-FR","@id":"https:\/\/well-grounded.org\/fr\/#\/schema\/logo\/image\/","url":"https:\/\/well-grounded.org\/wp-content\/uploads\/2022\/07\/Well-Grounded-Logo-with-tagline-no-Map.jpg","contentUrl":"https:\/\/well-grounded.org\/wp-content\/uploads\/2022\/07\/Well-Grounded-Logo-with-tagline-no-Map.jpg","width":1195,"height":809,"caption":"Well Grounded"},"image":{"@id":"https:\/\/well-grounded.org\/fr\/#\/schema\/logo\/image\/"}},{"@type":"Person","@id":"https:\/\/well-grounded.org\/fr\/#\/schema\/person\/f20fe8e79d42d64d637f9f09bd10ee08","name":"admin","image":{"@type":"ImageObject","inLanguage":"fr-FR","@id":"https:\/\/secure.gravatar.com\/avatar\/5496286fffac811aab67ce956df57577c44051ca9bb6f9b7d386353b0dd7a205?s=96&d=mm&r=g","url":"https:\/\/secure.gravatar.com\/avatar\/5496286fffac811aab67ce956df57577c44051ca9bb6f9b7d386353b0dd7a205?s=96&d=mm&r=g","contentUrl":"https:\/\/secure.gravatar.com\/avatar\/5496286fffac811aab67ce956df57577c44051ca9bb6f9b7d386353b0dd7a205?s=96&d=mm&r=g","caption":"admin"},"description":"This is a test of user profile update, using lea's picture and this text instead of an actual biography. Here is a new paragraph","url":"https:\/\/well-grounded.org\/fr\/author\/admin\/"}]}},"jetpack_featured_media_url":"https:\/\/i0.wp.com\/well-grounded.org\/wp-content\/uploads\/2022\/03\/indigenous_cam_2.jpg?fit=560%2C292&ssl=1","jetpack_sharing_enabled":true,"_links":{"self":[{"href":"https:\/\/well-grounded.org\/fr\/wp-json\/wp\/v2\/posts\/5180","targetHints":{"allow":["GET"]}}],"collection":[{"href":"https:\/\/well-grounded.org\/fr\/wp-json\/wp\/v2\/posts"}],"about":[{"href":"https:\/\/well-grounded.org\/fr\/wp-json\/wp\/v2\/types\/post"}],"author":[{"embeddable":true,"href":"https:\/\/well-grounded.org\/fr\/wp-json\/wp\/v2\/users\/1"}],"replies":[{"embeddable":true,"href":"https:\/\/well-grounded.org\/fr\/wp-json\/wp\/v2\/comments?post=5180"}],"version-history":[{"count":0,"href":"https:\/\/well-grounded.org\/fr\/wp-json\/wp\/v2\/posts\/5180\/revisions"}],"wp:featuredmedia":[{"embeddable":true,"href":"https:\/\/well-grounded.org\/fr\/wp-json\/wp\/v2\/media\/4325"}],"wp:attachment":[{"href":"https:\/\/well-grounded.org\/fr\/wp-json\/wp\/v2\/media?parent=5180"}],"wp:term":[{"taxonomy":"category","embeddable":true,"href":"https:\/\/well-grounded.org\/fr\/wp-json\/wp\/v2\/categories?post=5180"},{"taxonomy":"post_tag","embeddable":true,"href":"https:\/\/well-grounded.org\/fr\/wp-json\/wp\/v2\/tags?post=5180"}],"curies":[{"name":"wp","href":"https:\/\/api.w.org\/{rel}","templated":true}]}}