{"id":12175,"date":"2026-05-01T08:13:03","date_gmt":"2026-05-01T08:13:03","guid":{"rendered":"https:\/\/well-grounded.org\/?p=12175"},"modified":"2026-05-01T08:14:28","modified_gmt":"2026-05-01T08:14:28","slug":"des-facilitateurs-trices-de-changement-au-niveau-communautaire","status":"publish","type":"post","link":"https:\/\/well-grounded.org\/fr\/des-facilitateurs-trices-de-changement-au-niveau-communautaire\/","title":{"rendered":"Des facilitateurs.trices de changement au niveau communautaire !"},"content":{"rendered":"<p>Ce 22 avril, Well Grounded a lanc\u00e9 une nouvelle cohorte de la formation \u201cFacilitator for Change\u201d et la dynamique est d\u00e9j\u00e0 l\u00e0 !<\/p>\n<p>16 Facilitateur.trice.s Communautaires du Cameroun et de l\u2019est de la RDC se sont r\u00e9unis en ligne pour entamer ensemble ce parcours de renforcement des comp\u00e9tences en facilitation du D\u00e9veloppement organisationnel au sein des Organisations \u00e0 base communautaire (OBC). t. Ces facilitateur.trice.s travaillent avec Well Grounded pour le d\u00e9veloppement du leadership des communaut\u00e9s autochtones .<\/p>\n<p>La formation se d\u00e9roule sur Baraza, la plateforme d\u2019apprentissage de Well Grounded, et comporte 4 grandes parties:<\/p>\n<p>\u27a1 Comprendre le changement<\/p>\n<p>\u27a1 La facilitation<\/p>\n<p>\u27a1 Le d\u00e9veloppement organisationnel<\/p>\n<p>\u27a1 L&rsquo;approche positive ax\u00e9e sur les atouts.<\/p>\n<p>Chaque semaine suit un rythme structur\u00e9 : webinaire d&rsquo;ouverture, check-in \u00e9motionnel, ressources \u00e0 explorer, exercice de r\u00e9flexion, quiz et check-out \u00e9motionnel.<\/p>\n<p>Le premier webinaire consacr\u00e9 \u00e0 \u201cComprendre le changement\u201d a donn\u00e9 le ton : enthousiasme, engagement et motivation \u00e9taient palpables, tant chez les participant.e.s que du c\u00f4t\u00e9 de l\u2019\u00e9quipe de facilitation.<\/p>\n<p>Nous esp\u00e9rons que cette cohorte avec des facilitateurs.trices form\u00e9s, motiv\u00e9s et ancr\u00e9s dans leurs communaut\u00e9s renforcera le changement dans la dynamique du leadership autochtone dans le Bassin du Congo !<\/p>\n<p>Ci-joint une capture d\u2019\u00e9cran de l\u2019ensemble des participant.e.s\u00a0 \u00e0 la fin du premier webinaire:<\/p>\n<p>#FacilitatorForChange #Facilitation #D\u00e9veloppement Organisationnel #Communaut\u00e9sAutochtones #CapacityBuilding #Cameroun #RDC #ChangementSocial #WellGrounded #Leadership<\/p>\n<p>&nbsp;<\/p>\n<p><img data-recalc-dims=\"1\" decoding=\"async\" class=\"alignnone size-full wp-image-12170\" src=\"https:\/\/i0.wp.com\/well-grounded.org\/wp-content\/uploads\/2026\/05\/F4C26-2.jpg?resize=1233%2C698&#038;ssl=1\" alt=\"\" width=\"1233\" height=\"698\" srcset=\"https:\/\/i0.wp.com\/well-grounded.org\/wp-content\/uploads\/2026\/05\/F4C26-2.jpg?resize=200%2C113&amp;ssl=1 200w, https:\/\/i0.wp.com\/well-grounded.org\/wp-content\/uploads\/2026\/05\/F4C26-2.jpg?resize=300%2C170&amp;ssl=1 300w, https:\/\/i0.wp.com\/well-grounded.org\/wp-content\/uploads\/2026\/05\/F4C26-2.jpg?resize=400%2C226&amp;ssl=1 400w, https:\/\/i0.wp.com\/well-grounded.org\/wp-content\/uploads\/2026\/05\/F4C26-2.jpg?resize=600%2C340&amp;ssl=1 600w, https:\/\/i0.wp.com\/well-grounded.org\/wp-content\/uploads\/2026\/05\/F4C26-2.jpg?resize=768%2C435&amp;ssl=1 768w, https:\/\/i0.wp.com\/well-grounded.org\/wp-content\/uploads\/2026\/05\/F4C26-2.jpg?resize=800%2C453&amp;ssl=1 800w, https:\/\/i0.wp.com\/well-grounded.org\/wp-content\/uploads\/2026\/05\/F4C26-2.jpg?resize=1024%2C580&amp;ssl=1 1024w, https:\/\/i0.wp.com\/well-grounded.org\/wp-content\/uploads\/2026\/05\/F4C26-2.jpg?resize=1200%2C679&amp;ssl=1 1200w, https:\/\/i0.wp.com\/well-grounded.org\/wp-content\/uploads\/2026\/05\/F4C26-2.jpg?w=1233&amp;ssl=1 1233w\" sizes=\"(max-width: 1233px) 100vw, 1233px\" \/><\/p>\n","protected":false},"excerpt":{"rendered":"<p>Ce 22 avril, Well Grounded a lanc\u00e9 une nouvelle cohorte de la formation \u201cFacilitator for Change\u201d et la dynamique est d\u00e9j\u00e0 l\u00e0 ! 16 Facilitateur.trice.s Communautaires du Cameroun et de l\u2019est de la RDC se sont r\u00e9unis en ligne pour entamer ensemble ce parcours de renforcement des comp\u00e9tences en facilitation du D\u00e9veloppement organisationnel au sein des Organisations \u00e0 base communautaire (OBC). t. Ces facilitateur.trice.s travaillent avec Well Grounded pour le d\u00e9veloppement du leadership des communaut\u00e9s autochtones . La formation se d\u00e9roule sur Baraza, la plateforme d\u2019apprentissage de Well Grounded, et comporte 4 grandes parties: \u27a1 Comprendre le changement \u27a1 La facilitation <a href=\"https:\/\/well-grounded.org\/fr\/des-facilitateurs-trices-de-changement-au-niveau-communautaire\/\"> [&#8230;]<\/a><\/p>\n","protected":false},"author":4,"featured_media":12173,"comment_status":"open","ping_status":"open","sticky":false,"template":"","format":"standard","meta":{"_jetpack_memberships_contains_paid_content":false,"footnotes":""},"categories":[8],"tags":[],"class_list":["post-12175","post","type-post","status-publish","format-standard","has-post-thumbnail","hentry","category-non-classifiee"],"yoast_head":"<!-- This site is optimized with the Yoast SEO plugin v27.4 - https:\/\/yoast.com\/product\/yoast-seo-wordpress\/ -->\n<title>Des facilitateurs.trices de changement au niveau communautaire ! - Well Grounded<\/title>\n<meta name=\"robots\" content=\"index, follow, max-snippet:-1, max-image-preview:large, max-video-preview:-1\" \/>\n<link rel=\"canonical\" href=\"https:\/\/well-grounded.org\/fr\/des-facilitateurs-trices-de-changement-au-niveau-communautaire\/\" \/>\n<meta property=\"og:locale\" content=\"fr_FR\" \/>\n<meta property=\"og:type\" content=\"article\" \/>\n<meta property=\"og:title\" content=\"Des facilitateurs.trices de changement au niveau communautaire ! - Well Grounded\" \/>\n<meta property=\"og:description\" content=\"Ce 22 avril, Well Grounded a lanc\u00e9 une nouvelle cohorte de la formation \u201cFacilitator for Change\u201d et la dynamique est d\u00e9j\u00e0 l\u00e0 ! 16 Facilitateur.trice.s Communautaires du Cameroun et de l\u2019est de la RDC se sont r\u00e9unis en ligne pour entamer ensemble ce parcours de renforcement des comp\u00e9tences en facilitation du D\u00e9veloppement organisationnel au sein des Organisations \u00e0 base communautaire (OBC). t. Ces facilitateur.trice.s travaillent avec Well Grounded pour le d\u00e9veloppement du leadership des communaut\u00e9s autochtones . La formation se d\u00e9roule sur Baraza, la plateforme d\u2019apprentissage de Well Grounded, et comporte 4 grandes parties: \u27a1 Comprendre le changement \u27a1 La facilitation [...]\" \/>\n<meta property=\"og:url\" content=\"https:\/\/well-grounded.org\/fr\/des-facilitateurs-trices-de-changement-au-niveau-communautaire\/\" \/>\n<meta property=\"og:site_name\" content=\"Well Grounded\" \/>\n<meta property=\"article:published_time\" content=\"2026-05-01T08:13:03+00:00\" \/>\n<meta property=\"article:modified_time\" content=\"2026-05-01T08:14:28+00:00\" \/>\n<meta property=\"og:image\" content=\"https:\/\/well-grounded.org\/wp-content\/uploads\/2026\/05\/F4C.jpg\" \/>\n\t<meta property=\"og:image:width\" content=\"1772\" \/>\n\t<meta property=\"og:image:height\" content=\"621\" \/>\n\t<meta property=\"og:image:type\" content=\"image\/jpeg\" \/>\n<meta name=\"author\" content=\"Well Grounded\" \/>\n<meta name=\"twitter:card\" content=\"summary_large_image\" \/>\n<meta name=\"twitter:label1\" content=\"\u00c9crit par\" \/>\n\t<meta name=\"twitter:data1\" content=\"Well Grounded\" \/>\n\t<meta name=\"twitter:label2\" content=\"Dur\u00e9e de lecture estim\u00e9e\" \/>\n\t<meta name=\"twitter:data2\" content=\"2 minutes\" \/>\n<!-- \/ Yoast SEO plugin. -->","yoast_head_json":{"title":"Des facilitateurs.trices de changement au niveau communautaire ! - Well Grounded","robots":{"index":"index","follow":"follow","max-snippet":"max-snippet:-1","max-image-preview":"max-image-preview:large","max-video-preview":"max-video-preview:-1"},"canonical":"https:\/\/well-grounded.org\/fr\/des-facilitateurs-trices-de-changement-au-niveau-communautaire\/","og_locale":"fr_FR","og_type":"article","og_title":"Des facilitateurs.trices de changement au niveau communautaire ! - Well Grounded","og_description":"Ce 22 avril, Well Grounded a lanc\u00e9 une nouvelle cohorte de la formation \u201cFacilitator for Change\u201d et la dynamique est d\u00e9j\u00e0 l\u00e0 ! 16 Facilitateur.trice.s Communautaires du Cameroun et de l\u2019est de la RDC se sont r\u00e9unis en ligne pour entamer ensemble ce parcours de renforcement des comp\u00e9tences en facilitation du D\u00e9veloppement organisationnel au sein des Organisations \u00e0 base communautaire (OBC). t. Ces facilitateur.trice.s travaillent avec Well Grounded pour le d\u00e9veloppement du leadership des communaut\u00e9s autochtones . La formation se d\u00e9roule sur Baraza, la plateforme d\u2019apprentissage de Well Grounded, et comporte 4 grandes parties: \u27a1 Comprendre le changement \u27a1 La facilitation [...]","og_url":"https:\/\/well-grounded.org\/fr\/des-facilitateurs-trices-de-changement-au-niveau-communautaire\/","og_site_name":"Well Grounded","article_published_time":"2026-05-01T08:13:03+00:00","article_modified_time":"2026-05-01T08:14:28+00:00","og_image":[{"width":1772,"height":621,"url":"https:\/\/well-grounded.org\/wp-content\/uploads\/2026\/05\/F4C.jpg","type":"image\/jpeg"}],"author":"Well Grounded","twitter_card":"summary_large_image","twitter_misc":{"\u00c9crit par":"Well Grounded","Dur\u00e9e de lecture estim\u00e9e":"2 minutes"},"schema":{"@context":"https:\/\/schema.org","@graph":[{"@type":"Article","@id":"https:\/\/well-grounded.org\/fr\/des-facilitateurs-trices-de-changement-au-niveau-communautaire\/#article","isPartOf":{"@id":"https:\/\/well-grounded.org\/fr\/des-facilitateurs-trices-de-changement-au-niveau-communautaire\/"},"author":{"name":"Well Grounded","@id":"https:\/\/well-grounded.org\/fr\/#\/schema\/person\/7e6004f3ee17e0f74c3586d3b9355c2e"},"headline":"Des facilitateurs.trices de changement au niveau communautaire !","datePublished":"2026-05-01T08:13:03+00:00","dateModified":"2026-05-01T08:14:28+00:00","mainEntityOfPage":{"@id":"https:\/\/well-grounded.org\/fr\/des-facilitateurs-trices-de-changement-au-niveau-communautaire\/"},"wordCount":245,"commentCount":0,"publisher":{"@id":"https:\/\/well-grounded.org\/fr\/#organization"},"image":{"@id":"https:\/\/well-grounded.org\/fr\/des-facilitateurs-trices-de-changement-au-niveau-communautaire\/#primaryimage"},"thumbnailUrl":"https:\/\/i0.wp.com\/well-grounded.org\/wp-content\/uploads\/2026\/05\/F4C.jpg?fit=1772%2C621&ssl=1","articleSection":["Non classifi\u00e9(e)"],"inLanguage":"fr-FR","potentialAction":[{"@type":"CommentAction","name":"Comment","target":["https:\/\/well-grounded.org\/fr\/des-facilitateurs-trices-de-changement-au-niveau-communautaire\/#respond"]}]},{"@type":"WebPage","@id":"https:\/\/well-grounded.org\/fr\/des-facilitateurs-trices-de-changement-au-niveau-communautaire\/","url":"https:\/\/well-grounded.org\/fr\/des-facilitateurs-trices-de-changement-au-niveau-communautaire\/","name":"Des facilitateurs.trices de changement au niveau communautaire ! - Well Grounded","isPartOf":{"@id":"https:\/\/well-grounded.org\/fr\/#website"},"primaryImageOfPage":{"@id":"https:\/\/well-grounded.org\/fr\/des-facilitateurs-trices-de-changement-au-niveau-communautaire\/#primaryimage"},"image":{"@id":"https:\/\/well-grounded.org\/fr\/des-facilitateurs-trices-de-changement-au-niveau-communautaire\/#primaryimage"},"thumbnailUrl":"https:\/\/i0.wp.com\/well-grounded.org\/wp-content\/uploads\/2026\/05\/F4C.jpg?fit=1772%2C621&ssl=1","datePublished":"2026-05-01T08:13:03+00:00","dateModified":"2026-05-01T08:14:28+00:00","breadcrumb":{"@id":"https:\/\/well-grounded.org\/fr\/des-facilitateurs-trices-de-changement-au-niveau-communautaire\/#breadcrumb"},"inLanguage":"fr-FR","potentialAction":[{"@type":"ReadAction","target":["https:\/\/well-grounded.org\/fr\/des-facilitateurs-trices-de-changement-au-niveau-communautaire\/"]}]},{"@type":"ImageObject","inLanguage":"fr-FR","@id":"https:\/\/well-grounded.org\/fr\/des-facilitateurs-trices-de-changement-au-niveau-communautaire\/#primaryimage","url":"https:\/\/i0.wp.com\/well-grounded.org\/wp-content\/uploads\/2026\/05\/F4C.jpg?fit=1772%2C621&ssl=1","contentUrl":"https:\/\/i0.wp.com\/well-grounded.org\/wp-content\/uploads\/2026\/05\/F4C.jpg?fit=1772%2C621&ssl=1","width":1772,"height":621},{"@type":"BreadcrumbList","@id":"https:\/\/well-grounded.org\/fr\/des-facilitateurs-trices-de-changement-au-niveau-communautaire\/#breadcrumb","itemListElement":[{"@type":"ListItem","position":1,"name":"Home","item":"https:\/\/well-grounded.org\/fr\/"},{"@type":"ListItem","position":2,"name":"Des facilitateurs.trices de changement au niveau communautaire !"}]},{"@type":"WebSite","@id":"https:\/\/well-grounded.org\/fr\/#website","url":"https:\/\/well-grounded.org\/fr\/","name":"Well Grounded","description":"Empowering Civil Society","publisher":{"@id":"https:\/\/well-grounded.org\/fr\/#organization"},"potentialAction":[{"@type":"SearchAction","target":{"@type":"EntryPoint","urlTemplate":"https:\/\/well-grounded.org\/fr\/?s={search_term_string}"},"query-input":{"@type":"PropertyValueSpecification","valueRequired":true,"valueName":"search_term_string"}}],"inLanguage":"fr-FR"},{"@type":"Organization","@id":"https:\/\/well-grounded.org\/fr\/#organization","name":"Well Grounded","url":"https:\/\/well-grounded.org\/fr\/","logo":{"@type":"ImageObject","inLanguage":"fr-FR","@id":"https:\/\/well-grounded.org\/fr\/#\/schema\/logo\/image\/","url":"https:\/\/well-grounded.org\/wp-content\/uploads\/2022\/07\/Well-Grounded-Logo-with-tagline-no-Map.jpg","contentUrl":"https:\/\/well-grounded.org\/wp-content\/uploads\/2022\/07\/Well-Grounded-Logo-with-tagline-no-Map.jpg","width":1195,"height":809,"caption":"Well Grounded"},"image":{"@id":"https:\/\/well-grounded.org\/fr\/#\/schema\/logo\/image\/"}},{"@type":"Person","@id":"https:\/\/well-grounded.org\/fr\/#\/schema\/person\/7e6004f3ee17e0f74c3586d3b9355c2e","name":"Well Grounded","image":{"@type":"ImageObject","inLanguage":"fr-FR","@id":"https:\/\/secure.gravatar.com\/avatar\/e1b500dd98da65d1ef137abdd5a37ecc4b04f5d312dee48f90677828d947b973?s=96&d=mm&r=g","url":"https:\/\/secure.gravatar.com\/avatar\/e1b500dd98da65d1ef137abdd5a37ecc4b04f5d312dee48f90677828d947b973?s=96&d=mm&r=g","contentUrl":"https:\/\/secure.gravatar.com\/avatar\/e1b500dd98da65d1ef137abdd5a37ecc4b04f5d312dee48f90677828d947b973?s=96&d=mm&r=g","caption":"Well Grounded"},"sameAs":["http:\/\/well-grounded.org"],"url":"https:\/\/well-grounded.org\/fr\/author\/well-grounded\/"}]}},"jetpack_featured_media_url":"https:\/\/i0.wp.com\/well-grounded.org\/wp-content\/uploads\/2026\/05\/F4C.jpg?fit=1772%2C621&ssl=1","jetpack_sharing_enabled":true,"_links":{"self":[{"href":"https:\/\/well-grounded.org\/fr\/wp-json\/wp\/v2\/posts\/12175","targetHints":{"allow":["GET"]}}],"collection":[{"href":"https:\/\/well-grounded.org\/fr\/wp-json\/wp\/v2\/posts"}],"about":[{"href":"https:\/\/well-grounded.org\/fr\/wp-json\/wp\/v2\/types\/post"}],"author":[{"embeddable":true,"href":"https:\/\/well-grounded.org\/fr\/wp-json\/wp\/v2\/users\/4"}],"replies":[{"embeddable":true,"href":"https:\/\/well-grounded.org\/fr\/wp-json\/wp\/v2\/comments?post=12175"}],"version-history":[{"count":0,"href":"https:\/\/well-grounded.org\/fr\/wp-json\/wp\/v2\/posts\/12175\/revisions"}],"wp:featuredmedia":[{"embeddable":true,"href":"https:\/\/well-grounded.org\/fr\/wp-json\/wp\/v2\/media\/12173"}],"wp:attachment":[{"href":"https:\/\/well-grounded.org\/fr\/wp-json\/wp\/v2\/media?parent=12175"}],"wp:term":[{"taxonomy":"category","embeddable":true,"href":"https:\/\/well-grounded.org\/fr\/wp-json\/wp\/v2\/categories?post=12175"},{"taxonomy":"post_tag","embeddable":true,"href":"https:\/\/well-grounded.org\/fr\/wp-json\/wp\/v2\/tags?post=12175"}],"curies":[{"name":"wp","href":"https:\/\/api.w.org\/{rel}","templated":true}]}}