{"id":12039,"date":"2025-09-19T13:08:32","date_gmt":"2025-09-19T13:08:32","guid":{"rendered":"https:\/\/well-grounded.org\/?p=12039"},"modified":"2025-09-19T13:45:54","modified_gmt":"2025-09-19T13:45:54","slug":"la-technologie-au-service-de-la-resilience-notre-virage-vers-laccompagnement-en-ligne-de-la-societe-civile-dans-lest-de-la-rdc","status":"publish","type":"post","link":"https:\/\/well-grounded.org\/fr\/la-technologie-au-service-de-la-resilience-notre-virage-vers-laccompagnement-en-ligne-de-la-societe-civile-dans-lest-de-la-rdc\/","title":{"rendered":"La technologie au service de la r\u00e9silience : notre virage vers l\u2019accompagnement en ligne de la soci\u00e9t\u00e9 civile dans l\u2019Est de la RDC"},"content":{"rendered":"<p>A l\u2019Est de la R\u00e9publique D\u00e9mocratique du Congo, le conflit arm\u00e9 persistant a consid\u00e9rablement perturb\u00e9 le travail des organisations de la soci\u00e9t\u00e9 civile (OSC), en particulier celles engag\u00e9es dans la protection de l\u2019environnement. L\u2019escalade du conflit au d\u00e9but de l\u2019ann\u00e9e 2025 nous a \u00e9galement contraints \u00e0 suspendre nos activit\u00e9s de facilitation en pr\u00e9sentiel sur le leadership et le d\u00e9veloppement organisationnel. Mais nous ne voulions pas retirer notre soutien aux leaders et \u00e0 leurs organisations locales dans ce contexte de crise.<\/p>\n<p>C\u2019est pourquoi, avec l\u2019appui de nos partenaires, nous avons choisi d\u2019innover \u2014 en utilisant la technologie comme catalyseur de connexion et de continuit\u00e9. Nos partenaires locaux ont insist\u00e9 : malgr\u00e9 les d\u00e9fis quotidiens auxquels ils font face, ils souhaitaient poursuivre leur parcours de d\u00e9veloppement organisationnel et de leadership, m\u00eame si cela signifiait passer \u00e0 une participation en ligne. H\u00e9ritage de la pand\u00e9mie de COVID-19, nous disposions d\u00e9j\u00e0 des outils et de l\u2019exp\u00e9rience n\u00e9cessaires pour proposer des programmes en ligne. Cela nous a permis d\u2019op\u00e9rer rapidement un basculement et de d\u00e9ployer notre plateforme d\u2019apprentissage en ligne, appel\u00e9e Baraza, afin d\u2019offrir la formation \u201cD\u00e9veloppez votre style de leadership\u201d et d\u2019apporter un soutien organisationnel \u00e0 distance.<\/p>\n<p>Ce programme de huit semaines permet aux leaders d\u2019acqu\u00e9rir une meilleure conscience de leur style de leadership, des connaissances et des outils pour renforcer leurs comp\u00e9tences et diriger leurs organisations avec clart\u00e9, r\u00e9silience et impact \u2014 m\u00eame dans les contextes les plus difficiles. Nous avons \u00e9galement introduit du contenu sp\u00e9cifiquement ax\u00e9 sur la r\u00e9silience dans un contexte volatile.<\/p>\n<p>Car des temps incertains et instables exigent des leaders r\u00e9silients. Et des OSC plus fortes contribuent \u00e0 une soci\u00e9t\u00e9 civile et \u00e0 des communaut\u00e9s plus r\u00e9silientes.<\/p>\n<p>Nous proposons le programme de leadership \u00e0 travers une combinaison de modules individuels d\u2019apprentissage sur notre plateforme Baraza et de webinaires collectifs portant sur les th\u00e8mes cl\u00e9s de chaque semaine de formation. Malgr\u00e9 le contexte difficile, nous avons \u00e9t\u00e9 touch\u00e9s par le haut niveau d\u2019engagement et les retours enthousiastes des participants lors des webinaires et des exercices de check-in et check-out chaque semaine sur Baraza :<\/p>\n<p><img data-recalc-dims=\"1\" decoding=\"async\" class=\"size-full wp-image-12033 alignleft\" src=\"https:\/\/i0.wp.com\/well-grounded.org\/wp-content\/uploads\/2025\/09\/Online-leadership-training-E.-DRC.png?resize=512%2C288&#038;ssl=1\" alt=\"Participants in online leadership training E. DRC\" width=\"512\" height=\"288\" srcset=\"https:\/\/i0.wp.com\/well-grounded.org\/wp-content\/uploads\/2025\/09\/Online-leadership-training-E.-DRC.png?resize=200%2C113&amp;ssl=1 200w, https:\/\/i0.wp.com\/well-grounded.org\/wp-content\/uploads\/2025\/09\/Online-leadership-training-E.-DRC.png?resize=300%2C169&amp;ssl=1 300w, https:\/\/i0.wp.com\/well-grounded.org\/wp-content\/uploads\/2025\/09\/Online-leadership-training-E.-DRC.png?resize=400%2C225&amp;ssl=1 400w, https:\/\/i0.wp.com\/well-grounded.org\/wp-content\/uploads\/2025\/09\/Online-leadership-training-E.-DRC.png?w=512&amp;ssl=1 512w\" sizes=\"(max-width: 512px) 100vw, 512px\" \/><em>\u201cJe suis heureux de pouvoir naviguer sur cette plateforme et d\u00e9couvrir ses fonctionalit\u00e9s. C\u2019est pour moi un plaisir d&rsquo;apprendre aux cot\u00e9s des participants.\u201d<\/em><\/p>\n<p><em>\u201cAu cours de cette formation, j\u2019ai beaucoup appris sur moi-m\u00eame. Les r\u00e9flexions men\u00e9es \u00e0 travers les diff\u00e9rents exercices m\u2019ont permis de mieux comprendre mes orientations professionnelles, mais aussi de reconna\u00eetre certaines limites que j\u2019avais sur des notions essentielles comme la diff\u00e9rence entre d\u00e9bat et dialogue, l\u2019\u00e9coute active ou encore la capacit\u00e9 \u00e0 donner de l\u2019espace et du pouvoir aux autres.\u00a0\u00bb<\/em><\/p>\n<p><em>\u00ab\u00a0Aujourd\u2019hui, ma carri\u00e8re s\u2019enrichit gr\u00e2ce aux apprentissages en leadership que je d\u00e9couvre sur Baraza. J\u2019ai pris l\u2019habitude d\u2019int\u00e9rioriser chacune de mes actions avant de les mettre en \u0153uvre. Je mets \u00e0 l\u2019\u00e9preuve mes pens\u00e9es et mes d\u00e9cisions pour rester align\u00e9 \u00e0 ma vision, sans m\u2019en d\u00e9tourner. Je suis d\u00e9sormais capable d\u2019identifier mes propres sables mouvants et d\u2019affronter les situations difficiles tout en pr\u00e9servant mes valeurs.\u201d<\/em><\/p>\n<p>&nbsp;<\/p>\n<p>&nbsp;<\/p>\n<p><span style=\"font-weight: 400;\">Nous remercions nos partenaires financiers pour leur soutien. Leur confiance et leur flexibilit\u00e9 ont \u00e9t\u00e9 essentielles pour nous permettre de nous adapter \u00e0 la situation et de maintenir notre accompagnement aux organisations de la soci\u00e9t\u00e9 civile en RDC Est.<\/span><\/p>\n<p>&nbsp;<\/p>\n","protected":false},"excerpt":{"rendered":"<p>A l\u2019Est de la R\u00e9publique D\u00e9mocratique du Congo, le conflit arm\u00e9 persistant a consid\u00e9rablement perturb\u00e9 le travail des organisations de la soci\u00e9t\u00e9 civile (OSC), en particulier celles engag\u00e9es dans la protection de l\u2019environnement. L\u2019escalade du conflit au d\u00e9but de l\u2019ann\u00e9e 2025 nous a \u00e9galement contraints \u00e0 suspendre nos activit\u00e9s de facilitation en pr\u00e9sentiel sur le leadership et le d\u00e9veloppement organisationnel. Mais nous ne voulions pas retirer notre soutien aux leaders et \u00e0 leurs organisations locales dans ce contexte de crise. C\u2019est pourquoi, avec l\u2019appui de nos partenaires, nous avons choisi d\u2019innover \u2014 en utilisant la technologie comme catalyseur de connexion et <a href=\"https:\/\/well-grounded.org\/fr\/la-technologie-au-service-de-la-resilience-notre-virage-vers-laccompagnement-en-ligne-de-la-societe-civile-dans-lest-de-la-rdc\/\"> [&#8230;]<\/a><\/p>\n","protected":false},"author":4,"featured_media":12032,"comment_status":"open","ping_status":"open","sticky":false,"template":"","format":"standard","meta":{"_jetpack_memberships_contains_paid_content":false,"footnotes":""},"categories":[279,280],"tags":[],"class_list":["post-12039","post","type-post","status-publish","format-standard","has-post-thumbnail","hentry","category-developpement-organisationnel","category-nos-activites"],"yoast_head":"<!-- This site is optimized with the Yoast SEO plugin v27.4 - https:\/\/yoast.com\/product\/yoast-seo-wordpress\/ -->\n<title>La technologie au service de la r\u00e9silience : notre virage vers l\u2019accompagnement en ligne de la soci\u00e9t\u00e9 civile dans l\u2019Est de la RDC - Well Grounded<\/title>\n<meta name=\"robots\" content=\"index, follow, max-snippet:-1, max-image-preview:large, max-video-preview:-1\" \/>\n<link rel=\"canonical\" href=\"https:\/\/well-grounded.org\/fr\/la-technologie-au-service-de-la-resilience-notre-virage-vers-laccompagnement-en-ligne-de-la-societe-civile-dans-lest-de-la-rdc\/\" \/>\n<meta property=\"og:locale\" content=\"fr_FR\" \/>\n<meta property=\"og:type\" content=\"article\" \/>\n<meta property=\"og:title\" content=\"La technologie au service de la r\u00e9silience : notre virage vers l\u2019accompagnement en ligne de la soci\u00e9t\u00e9 civile dans l\u2019Est de la RDC - Well Grounded\" \/>\n<meta property=\"og:description\" content=\"A l\u2019Est de la R\u00e9publique D\u00e9mocratique du Congo, le conflit arm\u00e9 persistant a consid\u00e9rablement perturb\u00e9 le travail des organisations de la soci\u00e9t\u00e9 civile (OSC), en particulier celles engag\u00e9es dans la protection de l\u2019environnement. L\u2019escalade du conflit au d\u00e9but de l\u2019ann\u00e9e 2025 nous a \u00e9galement contraints \u00e0 suspendre nos activit\u00e9s de facilitation en pr\u00e9sentiel sur le leadership et le d\u00e9veloppement organisationnel. Mais nous ne voulions pas retirer notre soutien aux leaders et \u00e0 leurs organisations locales dans ce contexte de crise. C\u2019est pourquoi, avec l\u2019appui de nos partenaires, nous avons choisi d\u2019innover \u2014 en utilisant la technologie comme catalyseur de connexion et [...]\" \/>\n<meta property=\"og:url\" content=\"https:\/\/well-grounded.org\/fr\/la-technologie-au-service-de-la-resilience-notre-virage-vers-laccompagnement-en-ligne-de-la-societe-civile-dans-lest-de-la-rdc\/\" \/>\n<meta property=\"og:site_name\" content=\"Well Grounded\" \/>\n<meta property=\"article:published_time\" content=\"2025-09-19T13:08:32+00:00\" \/>\n<meta property=\"article:modified_time\" content=\"2025-09-19T13:45:54+00:00\" \/>\n<meta property=\"og:image\" content=\"https:\/\/well-grounded.org\/wp-content\/uploads\/2025\/09\/Online-leadership-training-E.-DRC-2.png\" \/>\n\t<meta property=\"og:image:width\" content=\"512\" \/>\n\t<meta property=\"og:image:height\" content=\"219\" \/>\n\t<meta property=\"og:image:type\" content=\"image\/png\" \/>\n<meta name=\"author\" content=\"Well Grounded\" \/>\n<meta name=\"twitter:card\" content=\"summary_large_image\" \/>\n<meta name=\"twitter:label1\" content=\"\u00c9crit par\" \/>\n\t<meta name=\"twitter:data1\" content=\"Well Grounded\" \/>\n\t<meta name=\"twitter:label2\" content=\"Dur\u00e9e de lecture estim\u00e9e\" \/>\n\t<meta name=\"twitter:data2\" content=\"3 minutes\" \/>\n<!-- \/ Yoast SEO plugin. -->","yoast_head_json":{"title":"La technologie au service de la r\u00e9silience : notre virage vers l\u2019accompagnement en ligne de la soci\u00e9t\u00e9 civile dans l\u2019Est de la RDC - Well Grounded","robots":{"index":"index","follow":"follow","max-snippet":"max-snippet:-1","max-image-preview":"max-image-preview:large","max-video-preview":"max-video-preview:-1"},"canonical":"https:\/\/well-grounded.org\/fr\/la-technologie-au-service-de-la-resilience-notre-virage-vers-laccompagnement-en-ligne-de-la-societe-civile-dans-lest-de-la-rdc\/","og_locale":"fr_FR","og_type":"article","og_title":"La technologie au service de la r\u00e9silience : notre virage vers l\u2019accompagnement en ligne de la soci\u00e9t\u00e9 civile dans l\u2019Est de la RDC - Well Grounded","og_description":"A l\u2019Est de la R\u00e9publique D\u00e9mocratique du Congo, le conflit arm\u00e9 persistant a consid\u00e9rablement perturb\u00e9 le travail des organisations de la soci\u00e9t\u00e9 civile (OSC), en particulier celles engag\u00e9es dans la protection de l\u2019environnement. L\u2019escalade du conflit au d\u00e9but de l\u2019ann\u00e9e 2025 nous a \u00e9galement contraints \u00e0 suspendre nos activit\u00e9s de facilitation en pr\u00e9sentiel sur le leadership et le d\u00e9veloppement organisationnel. Mais nous ne voulions pas retirer notre soutien aux leaders et \u00e0 leurs organisations locales dans ce contexte de crise. C\u2019est pourquoi, avec l\u2019appui de nos partenaires, nous avons choisi d\u2019innover \u2014 en utilisant la technologie comme catalyseur de connexion et [...]","og_url":"https:\/\/well-grounded.org\/fr\/la-technologie-au-service-de-la-resilience-notre-virage-vers-laccompagnement-en-ligne-de-la-societe-civile-dans-lest-de-la-rdc\/","og_site_name":"Well Grounded","article_published_time":"2025-09-19T13:08:32+00:00","article_modified_time":"2025-09-19T13:45:54+00:00","og_image":[{"width":512,"height":219,"url":"https:\/\/well-grounded.org\/wp-content\/uploads\/2025\/09\/Online-leadership-training-E.-DRC-2.png","type":"image\/png"}],"author":"Well Grounded","twitter_card":"summary_large_image","twitter_misc":{"\u00c9crit par":"Well Grounded","Dur\u00e9e de lecture estim\u00e9e":"3 minutes"},"schema":{"@context":"https:\/\/schema.org","@graph":[{"@type":"Article","@id":"https:\/\/well-grounded.org\/fr\/la-technologie-au-service-de-la-resilience-notre-virage-vers-laccompagnement-en-ligne-de-la-societe-civile-dans-lest-de-la-rdc\/#article","isPartOf":{"@id":"https:\/\/well-grounded.org\/fr\/la-technologie-au-service-de-la-resilience-notre-virage-vers-laccompagnement-en-ligne-de-la-societe-civile-dans-lest-de-la-rdc\/"},"author":{"name":"Well Grounded","@id":"https:\/\/well-grounded.org\/fr\/#\/schema\/person\/7e6004f3ee17e0f74c3586d3b9355c2e"},"headline":"La technologie au service de la r\u00e9silience : notre virage vers l\u2019accompagnement en ligne de la soci\u00e9t\u00e9 civile dans l\u2019Est de la RDC","datePublished":"2025-09-19T13:08:32+00:00","dateModified":"2025-09-19T13:45:54+00:00","mainEntityOfPage":{"@id":"https:\/\/well-grounded.org\/fr\/la-technologie-au-service-de-la-resilience-notre-virage-vers-laccompagnement-en-ligne-de-la-societe-civile-dans-lest-de-la-rdc\/"},"wordCount":628,"commentCount":0,"publisher":{"@id":"https:\/\/well-grounded.org\/fr\/#organization"},"image":{"@id":"https:\/\/well-grounded.org\/fr\/la-technologie-au-service-de-la-resilience-notre-virage-vers-laccompagnement-en-ligne-de-la-societe-civile-dans-lest-de-la-rdc\/#primaryimage"},"thumbnailUrl":"https:\/\/i0.wp.com\/well-grounded.org\/wp-content\/uploads\/2025\/09\/Online-leadership-training-E.-DRC-2.png?fit=512%2C219&ssl=1","articleSection":["D\u00e9veloppement Organisationnel","Nos activit\u00e9s"],"inLanguage":"fr-FR","potentialAction":[{"@type":"CommentAction","name":"Comment","target":["https:\/\/well-grounded.org\/fr\/la-technologie-au-service-de-la-resilience-notre-virage-vers-laccompagnement-en-ligne-de-la-societe-civile-dans-lest-de-la-rdc\/#respond"]}]},{"@type":"WebPage","@id":"https:\/\/well-grounded.org\/fr\/la-technologie-au-service-de-la-resilience-notre-virage-vers-laccompagnement-en-ligne-de-la-societe-civile-dans-lest-de-la-rdc\/","url":"https:\/\/well-grounded.org\/fr\/la-technologie-au-service-de-la-resilience-notre-virage-vers-laccompagnement-en-ligne-de-la-societe-civile-dans-lest-de-la-rdc\/","name":"La technologie au service de la r\u00e9silience : notre virage vers l\u2019accompagnement en ligne de la soci\u00e9t\u00e9 civile dans l\u2019Est de la RDC - Well Grounded","isPartOf":{"@id":"https:\/\/well-grounded.org\/fr\/#website"},"primaryImageOfPage":{"@id":"https:\/\/well-grounded.org\/fr\/la-technologie-au-service-de-la-resilience-notre-virage-vers-laccompagnement-en-ligne-de-la-societe-civile-dans-lest-de-la-rdc\/#primaryimage"},"image":{"@id":"https:\/\/well-grounded.org\/fr\/la-technologie-au-service-de-la-resilience-notre-virage-vers-laccompagnement-en-ligne-de-la-societe-civile-dans-lest-de-la-rdc\/#primaryimage"},"thumbnailUrl":"https:\/\/i0.wp.com\/well-grounded.org\/wp-content\/uploads\/2025\/09\/Online-leadership-training-E.-DRC-2.png?fit=512%2C219&ssl=1","datePublished":"2025-09-19T13:08:32+00:00","dateModified":"2025-09-19T13:45:54+00:00","breadcrumb":{"@id":"https:\/\/well-grounded.org\/fr\/la-technologie-au-service-de-la-resilience-notre-virage-vers-laccompagnement-en-ligne-de-la-societe-civile-dans-lest-de-la-rdc\/#breadcrumb"},"inLanguage":"fr-FR","potentialAction":[{"@type":"ReadAction","target":["https:\/\/well-grounded.org\/fr\/la-technologie-au-service-de-la-resilience-notre-virage-vers-laccompagnement-en-ligne-de-la-societe-civile-dans-lest-de-la-rdc\/"]}]},{"@type":"ImageObject","inLanguage":"fr-FR","@id":"https:\/\/well-grounded.org\/fr\/la-technologie-au-service-de-la-resilience-notre-virage-vers-laccompagnement-en-ligne-de-la-societe-civile-dans-lest-de-la-rdc\/#primaryimage","url":"https:\/\/i0.wp.com\/well-grounded.org\/wp-content\/uploads\/2025\/09\/Online-leadership-training-E.-DRC-2.png?fit=512%2C219&ssl=1","contentUrl":"https:\/\/i0.wp.com\/well-grounded.org\/wp-content\/uploads\/2025\/09\/Online-leadership-training-E.-DRC-2.png?fit=512%2C219&ssl=1","width":512,"height":219,"caption":"Participants in online leadership training E. DRC"},{"@type":"BreadcrumbList","@id":"https:\/\/well-grounded.org\/fr\/la-technologie-au-service-de-la-resilience-notre-virage-vers-laccompagnement-en-ligne-de-la-societe-civile-dans-lest-de-la-rdc\/#breadcrumb","itemListElement":[{"@type":"ListItem","position":1,"name":"Home","item":"https:\/\/well-grounded.org\/fr\/"},{"@type":"ListItem","position":2,"name":"La technologie au service de la r\u00e9silience : notre virage vers l\u2019accompagnement en ligne de la soci\u00e9t\u00e9 civile dans l\u2019Est de la RDC"}]},{"@type":"WebSite","@id":"https:\/\/well-grounded.org\/fr\/#website","url":"https:\/\/well-grounded.org\/fr\/","name":"Well Grounded","description":"Empowering Civil Society","publisher":{"@id":"https:\/\/well-grounded.org\/fr\/#organization"},"potentialAction":[{"@type":"SearchAction","target":{"@type":"EntryPoint","urlTemplate":"https:\/\/well-grounded.org\/fr\/?s={search_term_string}"},"query-input":{"@type":"PropertyValueSpecification","valueRequired":true,"valueName":"search_term_string"}}],"inLanguage":"fr-FR"},{"@type":"Organization","@id":"https:\/\/well-grounded.org\/fr\/#organization","name":"Well Grounded","url":"https:\/\/well-grounded.org\/fr\/","logo":{"@type":"ImageObject","inLanguage":"fr-FR","@id":"https:\/\/well-grounded.org\/fr\/#\/schema\/logo\/image\/","url":"https:\/\/well-grounded.org\/wp-content\/uploads\/2022\/07\/Well-Grounded-Logo-with-tagline-no-Map.jpg","contentUrl":"https:\/\/well-grounded.org\/wp-content\/uploads\/2022\/07\/Well-Grounded-Logo-with-tagline-no-Map.jpg","width":1195,"height":809,"caption":"Well Grounded"},"image":{"@id":"https:\/\/well-grounded.org\/fr\/#\/schema\/logo\/image\/"}},{"@type":"Person","@id":"https:\/\/well-grounded.org\/fr\/#\/schema\/person\/7e6004f3ee17e0f74c3586d3b9355c2e","name":"Well Grounded","image":{"@type":"ImageObject","inLanguage":"fr-FR","@id":"https:\/\/secure.gravatar.com\/avatar\/e1b500dd98da65d1ef137abdd5a37ecc4b04f5d312dee48f90677828d947b973?s=96&d=mm&r=g","url":"https:\/\/secure.gravatar.com\/avatar\/e1b500dd98da65d1ef137abdd5a37ecc4b04f5d312dee48f90677828d947b973?s=96&d=mm&r=g","contentUrl":"https:\/\/secure.gravatar.com\/avatar\/e1b500dd98da65d1ef137abdd5a37ecc4b04f5d312dee48f90677828d947b973?s=96&d=mm&r=g","caption":"Well Grounded"},"sameAs":["http:\/\/well-grounded.org"],"url":"https:\/\/well-grounded.org\/fr\/author\/well-grounded\/"}]}},"jetpack_featured_media_url":"https:\/\/i0.wp.com\/well-grounded.org\/wp-content\/uploads\/2025\/09\/Online-leadership-training-E.-DRC-2.png?fit=512%2C219&ssl=1","jetpack_sharing_enabled":true,"_links":{"self":[{"href":"https:\/\/well-grounded.org\/fr\/wp-json\/wp\/v2\/posts\/12039","targetHints":{"allow":["GET"]}}],"collection":[{"href":"https:\/\/well-grounded.org\/fr\/wp-json\/wp\/v2\/posts"}],"about":[{"href":"https:\/\/well-grounded.org\/fr\/wp-json\/wp\/v2\/types\/post"}],"author":[{"embeddable":true,"href":"https:\/\/well-grounded.org\/fr\/wp-json\/wp\/v2\/users\/4"}],"replies":[{"embeddable":true,"href":"https:\/\/well-grounded.org\/fr\/wp-json\/wp\/v2\/comments?post=12039"}],"version-history":[{"count":0,"href":"https:\/\/well-grounded.org\/fr\/wp-json\/wp\/v2\/posts\/12039\/revisions"}],"wp:featuredmedia":[{"embeddable":true,"href":"https:\/\/well-grounded.org\/fr\/wp-json\/wp\/v2\/media\/12032"}],"wp:attachment":[{"href":"https:\/\/well-grounded.org\/fr\/wp-json\/wp\/v2\/media?parent=12039"}],"wp:term":[{"taxonomy":"category","embeddable":true,"href":"https:\/\/well-grounded.org\/fr\/wp-json\/wp\/v2\/categories?post=12039"},{"taxonomy":"post_tag","embeddable":true,"href":"https:\/\/well-grounded.org\/fr\/wp-json\/wp\/v2\/tags?post=12039"}],"curies":[{"name":"wp","href":"https:\/\/api.w.org\/{rel}","templated":true}]}}