{"id":12012,"date":"2025-08-08T14:46:17","date_gmt":"2025-08-08T14:46:17","guid":{"rendered":"https:\/\/well-grounded.org\/?p=12012"},"modified":"2025-08-08T15:04:33","modified_gmt":"2025-08-08T15:04:33","slug":"un-leadership-enracinee","status":"publish","type":"post","link":"https:\/\/well-grounded.org\/fr\/un-leadership-enracinee\/","title":{"rendered":"Un leadership enracin\u00e9e: Une conversation avec Dr EMINI Timoth\u00e9e"},"content":{"rendered":"<p><em>\u00c0 l\u2019occasion de la Journ\u00e9e internationale des peuples autochtones, nous partageons une conversation avec Dr EMINI Timoth\u00e9e, autochtone Baka originaire de la r\u00e9gion de l\u2019Est du Cameroun, et Coordonnateur du Programme de Leadership Autochtone chez Well Grounded.<\/em><\/p>\n<p><em>Timoth\u00e9e est une figure embl\u00e9matique : il est le tout premier autochtone des for\u00eats au Cameroun et en Afrique centrale \u00e0 avoir soutenu publiquement une th\u00e8se de doctorat PhD, une victoire symbolique et concr\u00e8te pour un peuple trop souvent stigmatis\u00e9 comme \u00ab\u00a0sans culture\u00a0\u00bb ou \u00ab\u00a0sans leadership\u00a0\u00bb. Son engagement est profond\u00e9ment enracin\u00e9 dans la d\u00e9fense des droits humains des peuples autochtones, une mission qu\u2019il porte au quotidien avec humilit\u00e9 et d\u00e9termination.<\/em><\/p>\n<p>&nbsp;<\/p>\n<h2>Que repr\u00e9sente pour vous personnellement la Journ\u00e9e internationale des peuples autochtones ?<\/h2>\n<p>La Journ\u00e9e internationale des peuples autochtones est pour moi un moment fort. Elle rappelle la reconnaissance de nos droits et honore les militant\u00b7e\u00b7s autochtones qui luttent chaque jour pour nos peuples. C\u2019est un espace l\u00e9gitime pour faire entendre notre voix et c\u00e9l\u00e9brer nos avanc\u00e9es.<\/p>\n<p>Personnellement, cette journ\u00e9e m\u2019invite \u00e0 r\u00e9fl\u00e9chir \u00e0 mon propre cheminement. Mon leadership est n\u00e9 d\u2019un profond travail de gu\u00e9rison int\u00e9rieure et d\u2019un ancrage fort dans l\u2019autod\u00e9termination. Je veille \u00e0 rester connect\u00e9 \u00e0 mon identit\u00e9, fier de mes racines, tout en naviguant avec discernement dans un monde globalis\u00e9. Mon leadership cherche \u00e0 conjuguer ouverture et fid\u00e9lit\u00e9 \u00e0 notre culture.<\/p>\n<h2>Selon vous, quels sont les plus grands d\u00e9fis auxquels les peuples autochtones du bassin du Congo sont confront\u00e9s aujourd\u2019hui ?<\/h2>\n<p>Les peuples autochtones du bassin du Congo font face \u00e0 des d\u00e9fis complexes et profonds. L\u2019un des plus importants est l\u2019autodiscrimination, un poids h\u00e9rit\u00e9 de l\u2019histoire coloniale et des oppressions sociales, qui freine l\u2019expression de l\u2019estime de soi. \u00c0 cela s\u2019ajoute une marginalisation persistante dans les sph\u00e8res sociales, politiques et \u00e9conomiques. La mondialisation, avec son influence grandissante, fragilise nos rep\u00e8res culturels et spirituels. Par ailleurs, l\u2019acc\u00e8s libre \u00e0 la for\u00eat &#8211; espace vital pour nos communaut\u00e9s &#8211; est de plus en plus restreint, et notre pr\u00e9sence dans les espaces de d\u00e9cision reste tr\u00e8s faible.<\/p>\n<p>Pour r\u00e9pondre \u00e0 ces d\u00e9fis, nous avons besoin d\u2019un leadership transformationnel. Un leadership qui commence par soi-m\u00eame, qui r\u00e9veille la conscience, renforce l\u2019identit\u00e9, et pousse les individus et les communaut\u00e9s \u00e0 initier le changement de l\u2019int\u00e9rieur, en restant fid\u00e8les \u00e0 leurs valeurs.<\/p>\n<p>&nbsp;<\/p>\n<h2><img data-recalc-dims=\"1\" decoding=\"async\" class=\"size-full wp-image-11999 alignleft\" src=\"https:\/\/i0.wp.com\/well-grounded.org\/wp-content\/uploads\/2025\/08\/IPLP-co-creation.jpg?resize=512%2C341&#038;ssl=1\" alt=\"Indigenous Leadership co-creation\" width=\"512\" height=\"341\" srcset=\"https:\/\/i0.wp.com\/well-grounded.org\/wp-content\/uploads\/2025\/08\/IPLP-co-creation.jpg?resize=200%2C133&amp;ssl=1 200w, https:\/\/i0.wp.com\/well-grounded.org\/wp-content\/uploads\/2025\/08\/IPLP-co-creation.jpg?resize=300%2C200&amp;ssl=1 300w, https:\/\/i0.wp.com\/well-grounded.org\/wp-content\/uploads\/2025\/08\/IPLP-co-creation.jpg?resize=400%2C266&amp;ssl=1 400w, https:\/\/i0.wp.com\/well-grounded.org\/wp-content\/uploads\/2025\/08\/IPLP-co-creation.jpg?w=512&amp;ssl=1 512w\" sizes=\"(max-width: 512px) 100vw, 512px\" \/><\/h2>\n<h2>Comment le Programme de leadership des peuples autochtones de Well Grounded s\u2019inscrit-il dans ce contexte ?<\/h2>\n<p>Ce programme s\u2019inscrit pleinement dans cette logique de transformation. Plut\u00f4t que de proposer des solutions toutes faites, il aide les participant\u00b7e\u00b7s \u00e0 prendre conscience de leur potentiel, \u00e0 se red\u00e9couvrir, \u00e0 se mobiliser pour trouver leurs propres r\u00e9ponses.<\/p>\n<p>Sa force r\u00e9side dans l\u2019approche co-cr\u00e9ative : les communaut\u00e9s sont au c\u0153ur de leur propre transformation. Cela renforce leur autonomie, leur fiert\u00e9, et cr\u00e9e un changement durable. C\u2019est aussi ce qui distingue Well Grounded : une posture d\u2019accompagnement qui respecte profond\u00e9ment les savoirs et les aspirations autochtones.<\/p>\n<h2><\/h2>\n<h2><\/h2>\n<h2>Pourriez-vous partager une histoire ou un moment de votre travail qui vous a marqu\u00e9 ?<\/h2>\n<p>Oui, tout r\u00e9cemment, lors d\u2019une formation sur l\u2019autod\u00e9termination, j\u2019ai vu des facilitateur\u00b7rice\u00b7s communautaires s\u2019exprimer avec fiert\u00e9 sur leur identit\u00e9 autochtone, alors qu\u2019au d\u00e9part, cela leur semblait lourd ou tabou. C\u2019\u00e9tait un vrai moment de bascule.<\/p>\n<p>Je garde aussi en m\u00e9moire une exp\u00e9rience spirituelle puissante : dans une maison traditionnelle Baka, sous une forte pluie mena\u00e7ante, un initi\u00e9 a frapp\u00e9 un b\u00e2ton contre une pierre tout en s\u2019adressant aux \u00e9l\u00e9ments naturels. La pluie et le vent se sont arr\u00eat\u00e9s peu apr\u00e8s. Ce moment m\u2019a profond\u00e9ment rappel\u00e9 la force de nos savoirs ancestraux et la n\u00e9cessit\u00e9 de les pr\u00e9server.<\/p>\n<h2>Quel message souhaitez-vous transmettre aux alli\u00e9s et partenaires non autochtones qui souhaitent soutenir les droits et le leadership autochtones de mani\u00e8re significative ?<\/h2>\n<p>Mon message est simple : changeons de paradigme. Il ne s\u2019agit plus de faire \u201cpour\u201d les peuples autochtones, mais avec eux. Cela demande d\u2019abandonner les approches classiques au profit de la co-construction, de l\u2019\u00e9coute, et du respect du rythme et du cheminement de chacun. C\u2019est en laissant les peuples autochtones se d\u00e9couvrir, se relever et agir par eux-m\u00eames que le vrai changement peut \u00e9merger.<\/p>\n<h2>Comment c\u00e9l\u00e9brez-vous la Journ\u00e9e internationale des peuples autochtones cette ann\u00e9e ?<\/h2>\n<p>Cette ann\u00e9e, une communaut\u00e9 engag\u00e9e dans le programme a choisi de c\u00e9l\u00e9brer la journ\u00e9e de mani\u00e8re profond\u00e9ment enracin\u00e9e, en milieu autochtone. Ce sera un moment de retour aux sources : r\u00e9flexions sur nos aspirations, discussions sur l\u2019avenir de cette journ\u00e9e, \u00e9valuation communautaire du programme, le tout ponctu\u00e9 par des rituels spirituels et des festivit\u00e9s culturelles. Une c\u00e9l\u00e9bration \u00e0 notre image.<\/p>\n","protected":false},"excerpt":{"rendered":"<p>\u00c0 l\u2019occasion de la Journ\u00e9e internationale des peuples autochtones, nous partageons une conversation avec Dr EMINI Timoth\u00e9e, autochtone Baka originaire de la r\u00e9gion de l\u2019Est du Cameroun, et Coordonnateur du Programme de Leadership Autochtone chez Well Grounded. Timoth\u00e9e est une figure embl\u00e9matique : il est le tout premier autochtone des for\u00eats au Cameroun et en Afrique centrale \u00e0 avoir soutenu publiquement une th\u00e8se de doctorat PhD, une victoire symbolique et concr\u00e8te pour un peuple trop souvent stigmatis\u00e9 comme \u00ab\u00a0sans culture\u00a0\u00bb ou \u00ab\u00a0sans leadership\u00a0\u00bb. Son engagement est profond\u00e9ment enracin\u00e9 dans la d\u00e9fense des droits humains des peuples autochtones, une mission qu\u2019il porte <a href=\"https:\/\/well-grounded.org\/fr\/un-leadership-enracinee\/\"> [&#8230;]<\/a><\/p>\n","protected":false},"author":4,"featured_media":11990,"comment_status":"open","ping_status":"open","sticky":false,"template":"","format":"standard","meta":{"_jetpack_memberships_contains_paid_content":false,"footnotes":""},"categories":[366],"tags":[],"class_list":["post-12012","post","type-post","status-publish","format-standard","has-post-thumbnail","hentry","category-opinion-2"],"yoast_head":"<!-- This site is optimized with the Yoast SEO plugin v27.4 - https:\/\/yoast.com\/product\/yoast-seo-wordpress\/ -->\n<title>Un leadership enracin\u00e9e: Une conversation avec Dr EMINI Timoth\u00e9e - Well Grounded<\/title>\n<meta name=\"description\" content=\"To mark the International Day of the World&#039;s Indigenous Peoples, we are sharing an interview with Dr. Timoth\u00e9e Emini, a Baka Indigenous person from the East Region of Cameroon and the Coordinator of the Indigenous Peoples Leadership Programme at Well Grounded.\" \/>\n<meta name=\"robots\" content=\"index, follow, max-snippet:-1, max-image-preview:large, max-video-preview:-1\" \/>\n<link rel=\"canonical\" href=\"https:\/\/well-grounded.org\/fr\/un-leadership-enracinee\/\" \/>\n<meta property=\"og:locale\" content=\"fr_FR\" \/>\n<meta property=\"og:type\" content=\"article\" \/>\n<meta property=\"og:title\" content=\"Un leadership enracin\u00e9e: Une conversation avec Dr EMINI Timoth\u00e9e - Well Grounded\" \/>\n<meta property=\"og:description\" content=\"To mark the International Day of the World&#039;s Indigenous Peoples, we are sharing an interview with Dr. Timoth\u00e9e Emini, a Baka Indigenous person from the East Region of Cameroon and the Coordinator of the Indigenous Peoples Leadership Programme at Well Grounded.\" \/>\n<meta property=\"og:url\" content=\"https:\/\/well-grounded.org\/fr\/un-leadership-enracinee\/\" \/>\n<meta property=\"og:site_name\" content=\"Well Grounded\" \/>\n<meta property=\"article:published_time\" content=\"2025-08-08T14:46:17+00:00\" \/>\n<meta property=\"article:modified_time\" content=\"2025-08-08T15:04:33+00:00\" \/>\n<meta property=\"og:image\" content=\"https:\/\/well-grounded.org\/wp-content\/uploads\/2025\/08\/Timothee-Emini.jpg\" \/>\n\t<meta property=\"og:image:width\" content=\"512\" \/>\n\t<meta property=\"og:image:height\" content=\"341\" \/>\n\t<meta property=\"og:image:type\" content=\"image\/jpeg\" \/>\n<meta name=\"author\" content=\"Well Grounded\" \/>\n<meta name=\"twitter:card\" content=\"summary_large_image\" \/>\n<meta name=\"twitter:label1\" content=\"\u00c9crit par\" \/>\n\t<meta name=\"twitter:data1\" content=\"Well Grounded\" \/>\n\t<meta name=\"twitter:label2\" content=\"Dur\u00e9e de lecture estim\u00e9e\" \/>\n\t<meta name=\"twitter:data2\" content=\"4 minutes\" \/>\n<!-- \/ Yoast SEO plugin. -->","yoast_head_json":{"title":"Un leadership enracin\u00e9e: Une conversation avec Dr EMINI Timoth\u00e9e - Well Grounded","description":"To mark the International Day of the World's Indigenous Peoples, we are sharing an interview with Dr. Timoth\u00e9e Emini, a Baka Indigenous person from the East Region of Cameroon and the Coordinator of the Indigenous Peoples Leadership Programme at Well Grounded.","robots":{"index":"index","follow":"follow","max-snippet":"max-snippet:-1","max-image-preview":"max-image-preview:large","max-video-preview":"max-video-preview:-1"},"canonical":"https:\/\/well-grounded.org\/fr\/un-leadership-enracinee\/","og_locale":"fr_FR","og_type":"article","og_title":"Un leadership enracin\u00e9e: Une conversation avec Dr EMINI Timoth\u00e9e - Well Grounded","og_description":"To mark the International Day of the World's Indigenous Peoples, we are sharing an interview with Dr. Timoth\u00e9e Emini, a Baka Indigenous person from the East Region of Cameroon and the Coordinator of the Indigenous Peoples Leadership Programme at Well Grounded.","og_url":"https:\/\/well-grounded.org\/fr\/un-leadership-enracinee\/","og_site_name":"Well Grounded","article_published_time":"2025-08-08T14:46:17+00:00","article_modified_time":"2025-08-08T15:04:33+00:00","og_image":[{"width":512,"height":341,"url":"https:\/\/well-grounded.org\/wp-content\/uploads\/2025\/08\/Timothee-Emini.jpg","type":"image\/jpeg"}],"author":"Well Grounded","twitter_card":"summary_large_image","twitter_misc":{"\u00c9crit par":"Well Grounded","Dur\u00e9e de lecture estim\u00e9e":"4 minutes"},"schema":{"@context":"https:\/\/schema.org","@graph":[{"@type":"Article","@id":"https:\/\/well-grounded.org\/fr\/un-leadership-enracinee\/#article","isPartOf":{"@id":"https:\/\/well-grounded.org\/fr\/un-leadership-enracinee\/"},"author":{"name":"Well Grounded","@id":"https:\/\/well-grounded.org\/fr\/#\/schema\/person\/7e6004f3ee17e0f74c3586d3b9355c2e"},"headline":"Un leadership enracin\u00e9e: Une conversation avec Dr EMINI Timoth\u00e9e","datePublished":"2025-08-08T14:46:17+00:00","dateModified":"2025-08-08T15:04:33+00:00","mainEntityOfPage":{"@id":"https:\/\/well-grounded.org\/fr\/un-leadership-enracinee\/"},"wordCount":862,"commentCount":0,"publisher":{"@id":"https:\/\/well-grounded.org\/fr\/#organization"},"image":{"@id":"https:\/\/well-grounded.org\/fr\/un-leadership-enracinee\/#primaryimage"},"thumbnailUrl":"https:\/\/i0.wp.com\/well-grounded.org\/wp-content\/uploads\/2025\/08\/Timothee-Emini.jpg?fit=512%2C341&ssl=1","articleSection":["Opinion"],"inLanguage":"fr-FR","potentialAction":[{"@type":"CommentAction","name":"Comment","target":["https:\/\/well-grounded.org\/fr\/un-leadership-enracinee\/#respond"]}]},{"@type":"WebPage","@id":"https:\/\/well-grounded.org\/fr\/un-leadership-enracinee\/","url":"https:\/\/well-grounded.org\/fr\/un-leadership-enracinee\/","name":"Un leadership enracin\u00e9e: Une conversation avec Dr EMINI Timoth\u00e9e - Well Grounded","isPartOf":{"@id":"https:\/\/well-grounded.org\/fr\/#website"},"primaryImageOfPage":{"@id":"https:\/\/well-grounded.org\/fr\/un-leadership-enracinee\/#primaryimage"},"image":{"@id":"https:\/\/well-grounded.org\/fr\/un-leadership-enracinee\/#primaryimage"},"thumbnailUrl":"https:\/\/i0.wp.com\/well-grounded.org\/wp-content\/uploads\/2025\/08\/Timothee-Emini.jpg?fit=512%2C341&ssl=1","datePublished":"2025-08-08T14:46:17+00:00","dateModified":"2025-08-08T15:04:33+00:00","description":"To mark the International Day of the World's Indigenous Peoples, we are sharing an interview with Dr. Timoth\u00e9e Emini, a Baka Indigenous person from the East Region of Cameroon and the Coordinator of the Indigenous Peoples Leadership Programme at Well Grounded.","breadcrumb":{"@id":"https:\/\/well-grounded.org\/fr\/un-leadership-enracinee\/#breadcrumb"},"inLanguage":"fr-FR","potentialAction":[{"@type":"ReadAction","target":["https:\/\/well-grounded.org\/fr\/un-leadership-enracinee\/"]}]},{"@type":"ImageObject","inLanguage":"fr-FR","@id":"https:\/\/well-grounded.org\/fr\/un-leadership-enracinee\/#primaryimage","url":"https:\/\/i0.wp.com\/well-grounded.org\/wp-content\/uploads\/2025\/08\/Timothee-Emini.jpg?fit=512%2C341&ssl=1","contentUrl":"https:\/\/i0.wp.com\/well-grounded.org\/wp-content\/uploads\/2025\/08\/Timothee-Emini.jpg?fit=512%2C341&ssl=1","width":512,"height":341,"caption":"Timothee Emini"},{"@type":"BreadcrumbList","@id":"https:\/\/well-grounded.org\/fr\/un-leadership-enracinee\/#breadcrumb","itemListElement":[{"@type":"ListItem","position":1,"name":"Home","item":"https:\/\/well-grounded.org\/fr\/"},{"@type":"ListItem","position":2,"name":"Un leadership enracin\u00e9e: Une conversation avec Dr EMINI Timoth\u00e9e"}]},{"@type":"WebSite","@id":"https:\/\/well-grounded.org\/fr\/#website","url":"https:\/\/well-grounded.org\/fr\/","name":"Well Grounded","description":"Empowering Civil Society","publisher":{"@id":"https:\/\/well-grounded.org\/fr\/#organization"},"potentialAction":[{"@type":"SearchAction","target":{"@type":"EntryPoint","urlTemplate":"https:\/\/well-grounded.org\/fr\/?s={search_term_string}"},"query-input":{"@type":"PropertyValueSpecification","valueRequired":true,"valueName":"search_term_string"}}],"inLanguage":"fr-FR"},{"@type":"Organization","@id":"https:\/\/well-grounded.org\/fr\/#organization","name":"Well Grounded","url":"https:\/\/well-grounded.org\/fr\/","logo":{"@type":"ImageObject","inLanguage":"fr-FR","@id":"https:\/\/well-grounded.org\/fr\/#\/schema\/logo\/image\/","url":"https:\/\/well-grounded.org\/wp-content\/uploads\/2022\/07\/Well-Grounded-Logo-with-tagline-no-Map.jpg","contentUrl":"https:\/\/well-grounded.org\/wp-content\/uploads\/2022\/07\/Well-Grounded-Logo-with-tagline-no-Map.jpg","width":1195,"height":809,"caption":"Well Grounded"},"image":{"@id":"https:\/\/well-grounded.org\/fr\/#\/schema\/logo\/image\/"}},{"@type":"Person","@id":"https:\/\/well-grounded.org\/fr\/#\/schema\/person\/7e6004f3ee17e0f74c3586d3b9355c2e","name":"Well Grounded","image":{"@type":"ImageObject","inLanguage":"fr-FR","@id":"https:\/\/secure.gravatar.com\/avatar\/e1b500dd98da65d1ef137abdd5a37ecc4b04f5d312dee48f90677828d947b973?s=96&d=mm&r=g","url":"https:\/\/secure.gravatar.com\/avatar\/e1b500dd98da65d1ef137abdd5a37ecc4b04f5d312dee48f90677828d947b973?s=96&d=mm&r=g","contentUrl":"https:\/\/secure.gravatar.com\/avatar\/e1b500dd98da65d1ef137abdd5a37ecc4b04f5d312dee48f90677828d947b973?s=96&d=mm&r=g","caption":"Well Grounded"},"sameAs":["http:\/\/well-grounded.org"],"url":"https:\/\/well-grounded.org\/fr\/author\/well-grounded\/"}]}},"jetpack_featured_media_url":"https:\/\/i0.wp.com\/well-grounded.org\/wp-content\/uploads\/2025\/08\/Timothee-Emini.jpg?fit=512%2C341&ssl=1","jetpack_sharing_enabled":true,"_links":{"self":[{"href":"https:\/\/well-grounded.org\/fr\/wp-json\/wp\/v2\/posts\/12012","targetHints":{"allow":["GET"]}}],"collection":[{"href":"https:\/\/well-grounded.org\/fr\/wp-json\/wp\/v2\/posts"}],"about":[{"href":"https:\/\/well-grounded.org\/fr\/wp-json\/wp\/v2\/types\/post"}],"author":[{"embeddable":true,"href":"https:\/\/well-grounded.org\/fr\/wp-json\/wp\/v2\/users\/4"}],"replies":[{"embeddable":true,"href":"https:\/\/well-grounded.org\/fr\/wp-json\/wp\/v2\/comments?post=12012"}],"version-history":[{"count":0,"href":"https:\/\/well-grounded.org\/fr\/wp-json\/wp\/v2\/posts\/12012\/revisions"}],"wp:featuredmedia":[{"embeddable":true,"href":"https:\/\/well-grounded.org\/fr\/wp-json\/wp\/v2\/media\/11990"}],"wp:attachment":[{"href":"https:\/\/well-grounded.org\/fr\/wp-json\/wp\/v2\/media?parent=12012"}],"wp:term":[{"taxonomy":"category","embeddable":true,"href":"https:\/\/well-grounded.org\/fr\/wp-json\/wp\/v2\/categories?post=12012"},{"taxonomy":"post_tag","embeddable":true,"href":"https:\/\/well-grounded.org\/fr\/wp-json\/wp\/v2\/tags?post=12012"}],"curies":[{"name":"wp","href":"https:\/\/api.w.org\/{rel}","templated":true}]}}