{"id":11262,"date":"2023-11-06T13:35:20","date_gmt":"2023-11-06T13:35:20","guid":{"rendered":"https:\/\/well-grounded.org\/?p=11262"},"modified":"2024-10-02T10:39:44","modified_gmt":"2024-10-02T10:39:44","slug":"bakokoli-annonce-de-la-derniere-cohorte-de-leaders-ecofeministes","status":"publish","type":"post","link":"https:\/\/well-grounded.org\/fr\/bakokoli-annonce-de-la-derniere-cohorte-de-leaders-ecofeministes\/","title":{"rendered":"Bakokoli : Annonce de la derni\u00e8re cohorte de leaders \u00e9cof\u00e9ministes"},"content":{"rendered":"<div class=\"fusion-fullwidth fullwidth-box fusion-builder-row-1 fusion-flex-container nonhundred-percent-fullwidth non-hundred-percent-height-scrolling\" style=\"--awb-border-radius-top-left:0px;--awb-border-radius-top-right:0px;--awb-border-radius-bottom-right:0px;--awb-border-radius-bottom-left:0px;--awb-flex-wrap:wrap;\" ><div class=\"fusion-builder-row fusion-row fusion-flex-align-items-flex-start fusion-flex-content-wrap\" style=\"max-width:1331.2px;margin-left: calc(-4% \/ 2 );margin-right: calc(-4% \/ 2 );\"><div class=\"fusion-layout-column fusion_builder_column fusion-builder-column-0 fusion_builder_column_1_1 1_1 fusion-flex-column\" style=\"--awb-bg-size:cover;--awb-width-large:100%;--awb-margin-top-large:10px;--awb-spacing-right-large:1.92%;--awb-margin-bottom-large:10px;--awb-spacing-left-large:1.92%;--awb-width-medium:100%;--awb-order-medium:0;--awb-spacing-right-medium:1.92%;--awb-spacing-left-medium:1.92%;--awb-width-small:100%;--awb-order-small:0;--awb-spacing-right-small:1.92%;--awb-spacing-left-small:1.92%;\"><div class=\"fusion-column-wrapper fusion-column-has-shadow fusion-flex-justify-content-flex-start fusion-content-layout-column\"><div class=\"fusion-text fusion-text-1\"><h2><strong><span style=\"color: #003366;\">Une joyeuse c\u00e9r\u00e9monie en ligne marque la cl\u00f4ture d&rsquo;un chapitre transformateur pour 19 participant.e.s de notre programme de leadership \u00e9cof\u00e9ministe, mais leur voyage continue<\/span><\/strong><\/h2>\n<h3><span style=\"color: #000000;\">26 octobre 2023<\/span><\/h3>\n<hr \/>\n<p>Nous sommes ravis de partager avec vous l&rsquo;excitation entourant la r\u00e9ussite de la derni\u00e8re \u00e9dition de notre programme de leadership \u00e9cof\u00e9ministe. Cette cohorte a suivi un voyage transformateur, se concluant par une c\u00e9r\u00e9monie de cl\u00f4ture la semaine derni\u00e8re &#8211; une c\u00e9l\u00e9bration partag\u00e9e entre les participant.es, l&rsquo;\u00e9quipe de Well Grounded et nos partenaires.<\/p>\n<p>Le programme de leadership \u00e9cof\u00e9ministe de Well Grounded vise \u00e0 soutenir l&rsquo;\u00e9mergence de leaders f\u00e9minins au sein de la soci\u00e9t\u00e9 civile dans tout le bassin du Congo, tout en d\u00e9fendant les principes de l&rsquo;\u00e9cof\u00e9minisme &#8211; un concept liant le bien-\u00eatre de notre plan\u00e8te \u00e0 celui des femmes.<\/p>\n<\/div><div class=\"fusion-image-element \" style=\"--awb-caption-title-font-family:var(--h2_typography-font-family);--awb-caption-title-font-weight:var(--h2_typography-font-weight);--awb-caption-title-font-style:var(--h2_typography-font-style);--awb-caption-title-size:var(--h2_typography-font-size);--awb-caption-title-transform:var(--h2_typography-text-transform);--awb-caption-title-line-height:var(--h2_typography-line-height);--awb-caption-title-letter-spacing:var(--h2_typography-letter-spacing);\"><span class=\" fusion-imageframe imageframe-none imageframe-1 hover-type-none\"><img data-recalc-dims=\"1\" decoding=\"async\" width=\"1280\" height=\"959\" title=\"Kisantu Retreat\" src=\"https:\/\/i0.wp.com\/well-grounded.org\/wp-content\/uploads\/2023\/11\/Kisantu-Retreat.jpg?resize=1280%2C959&#038;ssl=1\" alt class=\"img-responsive wp-image-11251\" srcset=\"https:\/\/i0.wp.com\/well-grounded.org\/wp-content\/uploads\/2023\/11\/Kisantu-Retreat.jpg?resize=200%2C150&amp;ssl=1 200w, https:\/\/i0.wp.com\/well-grounded.org\/wp-content\/uploads\/2023\/11\/Kisantu-Retreat.jpg?resize=300%2C225&amp;ssl=1 300w, https:\/\/i0.wp.com\/well-grounded.org\/wp-content\/uploads\/2023\/11\/Kisantu-Retreat.jpg?resize=400%2C300&amp;ssl=1 400w, https:\/\/i0.wp.com\/well-grounded.org\/wp-content\/uploads\/2023\/11\/Kisantu-Retreat.jpg?resize=600%2C449&amp;ssl=1 600w, https:\/\/i0.wp.com\/well-grounded.org\/wp-content\/uploads\/2023\/11\/Kisantu-Retreat.jpg?resize=768%2C575&amp;ssl=1 768w, https:\/\/i0.wp.com\/well-grounded.org\/wp-content\/uploads\/2023\/11\/Kisantu-Retreat.jpg?resize=800%2C599&amp;ssl=1 800w, https:\/\/i0.wp.com\/well-grounded.org\/wp-content\/uploads\/2023\/11\/Kisantu-Retreat.jpg?resize=1024%2C767&amp;ssl=1 1024w, https:\/\/i0.wp.com\/well-grounded.org\/wp-content\/uploads\/2023\/11\/Kisantu-Retreat.jpg?resize=1200%2C899&amp;ssl=1 1200w, https:\/\/i0.wp.com\/well-grounded.org\/wp-content\/uploads\/2023\/11\/Kisantu-Retreat.jpg?resize=1536%2C1150&amp;ssl=1 1536w, https:\/\/i0.wp.com\/well-grounded.org\/wp-content\/uploads\/2023\/11\/Kisantu-Retreat.jpg?w=2004&amp;ssl=1 2004w\" sizes=\"(max-width: 1024px) 100vw, (max-width: 640px) 100vw, 2004px\" \/><\/span><\/div><div class=\"fusion-text fusion-text-2\" style=\"--awb-margin-top:10px;\"><p><em>Participants \u00e0 un exercice lors de la retraite de Kisantu<\/em><\/p>\n<\/div><div class=\"fusion-text fusion-text-3\"><p>La cohorte dipl\u00f4m\u00e9e se compose de 15 femmes leaders et de quatre de leurs coll\u00e8gues masculins, issus d&rsquo;organisations de la soci\u00e9t\u00e9 civile dirig\u00e9es par des femmes ainsi que de r\u00e9seaux \u0153uvrant pour la justice environnementale en R\u00e9publique d\u00e9mocratique du Congo. Le groupe a choisi de nommer leur cohorte \u00ab\u00a0Bakokoli\u00a0\u00bb, le mot lingala pour le chant du coq \u00e0 l&rsquo;aube, repr\u00e9sentant l&rsquo;annonce d&rsquo;une nouvelle phase dans leur parcours de leadership.<\/p>\n<p>Le parcours \u00e0 travers le programme, depuis la s\u00e9lection des participant.e.s en 2019, a connu des hauts et des bas, avec des rencontres en personne limit\u00e9es en raison de la pand\u00e9mie de COVID-19, et le groupe s&rsquo;adaptant \u00e0 de nouvelles m\u00e9thodes en ligne pour la formation, le mentorat et la construction de relations. Cependant, une fois les restrictions assouplies, le groupe a pu se r\u00e9unir lors d&rsquo;un atelier r\u00e9sidentiel d&rsquo;une semaine \u00e0 Kisantu, en RDC, au d\u00e9but de 2023. Cela a permis aux participant.e.s de mieux comprendre leur propre identit\u00e9 et leur style de leadership, et de r\u00e9fl\u00e9chir \u00e0 la mani\u00e8re dont ils interagissent avec le monde et leurs r\u00e9seaux.<\/p>\n<p>La c\u00e9r\u00e9monie de cl\u00f4ture comprenait des t\u00e9moignages puissants des participant.e.s \u00e9voquant l&rsquo;impact significatif du programme dans leur parcours professionnel et personnel :<\/p>\n<\/div><\/div><\/div><div class=\"fusion-layout-column fusion_builder_column fusion-builder-column-1 fusion_builder_column_1_2 1_2 fusion-flex-column\" style=\"--awb-bg-size:cover;--awb-width-large:50%;--awb-margin-top-large:10px;--awb-spacing-right-large:3.84%;--awb-margin-bottom-large:10px;--awb-spacing-left-large:3.84%;--awb-width-medium:100%;--awb-order-medium:0;--awb-spacing-right-medium:1.92%;--awb-spacing-left-medium:1.92%;--awb-width-small:100%;--awb-order-small:0;--awb-spacing-right-small:1.92%;--awb-spacing-left-small:1.92%;\"><div class=\"fusion-column-wrapper fusion-column-has-shadow fusion-flex-justify-content-flex-start fusion-content-layout-column\"><div class=\"fusion-text fusion-text-4\"><p><img data-recalc-dims=\"1\" decoding=\"async\" class=\"size-medium wp-image-11226 alignleft\" src=\"https:\/\/i0.wp.com\/well-grounded.org\/wp-content\/uploads\/2023\/11\/Judith-Banawela-Mkoy.jpg?resize=247%2C300&#038;ssl=1\" alt=\"\" width=\"247\" height=\"300\" srcset=\"https:\/\/i0.wp.com\/well-grounded.org\/wp-content\/uploads\/2023\/11\/Judith-Banawela-Mkoy.jpg?resize=200%2C243&amp;ssl=1 200w, https:\/\/i0.wp.com\/well-grounded.org\/wp-content\/uploads\/2023\/11\/Judith-Banawela-Mkoy.jpg?resize=247%2C300&amp;ssl=1 247w, https:\/\/i0.wp.com\/well-grounded.org\/wp-content\/uploads\/2023\/11\/Judith-Banawela-Mkoy.jpg?resize=400%2C487&amp;ssl=1 400w, https:\/\/i0.wp.com\/well-grounded.org\/wp-content\/uploads\/2023\/11\/Judith-Banawela-Mkoy.jpg?resize=600%2C730&amp;ssl=1 600w, https:\/\/i0.wp.com\/well-grounded.org\/wp-content\/uploads\/2023\/11\/Judith-Banawela-Mkoy.jpg?resize=768%2C934&amp;ssl=1 768w, https:\/\/i0.wp.com\/well-grounded.org\/wp-content\/uploads\/2023\/11\/Judith-Banawela-Mkoy.jpg?resize=800%2C973&amp;ssl=1 800w, https:\/\/i0.wp.com\/well-grounded.org\/wp-content\/uploads\/2023\/11\/Judith-Banawela-Mkoy.jpg?resize=842%2C1024&amp;ssl=1 842w, https:\/\/i0.wp.com\/well-grounded.org\/wp-content\/uploads\/2023\/11\/Judith-Banawela-Mkoy.jpg?resize=1200%2C1460&amp;ssl=1 1200w, https:\/\/i0.wp.com\/well-grounded.org\/wp-content\/uploads\/2023\/11\/Judith-Banawela-Mkoy.jpg?resize=1263%2C1536&amp;ssl=1 1263w, https:\/\/i0.wp.com\/well-grounded.org\/wp-content\/uploads\/2023\/11\/Judith-Banawela-Mkoy.jpg?w=1289&amp;ssl=1 1289w\" sizes=\"(max-width: 247px) 100vw, 247px\" \/><\/p>\n<p><strong>Judith Banawela Mkoy,<\/strong> Action pour la d\u00e9fense des droits des femmes et la lutte contre le changement climatique (ONG AGFL), a d\u00e9clar\u00e9 : <em>\u00ab\u00a0Le programme de leadership \u00e9cof\u00e9ministe m&rsquo;a aid\u00e9 \u00e0 d\u00e9couvrir ma puissance int\u00e9rieure et \u00e0 gagner en confiance et en estime de soi. J&rsquo;utilise cette puissance dans mon travail. Je reconnais l&rsquo;unicit\u00e9 de mes collaborateurs, ce qui aide l&rsquo;\u00e9quipe \u00e0 atteindre ses objectifs de mani\u00e8re collective.\u00a0\u00bb<\/em><\/p>\n<\/div><\/div><\/div><div class=\"fusion-layout-column fusion_builder_column fusion-builder-column-2 fusion_builder_column_1_2 1_2 fusion-flex-column\" style=\"--awb-bg-size:cover;--awb-width-large:50%;--awb-margin-top-large:10px;--awb-spacing-right-large:3.84%;--awb-margin-bottom-large:10px;--awb-spacing-left-large:3.84%;--awb-width-medium:100%;--awb-order-medium:0;--awb-spacing-right-medium:1.92%;--awb-spacing-left-medium:1.92%;--awb-width-small:100%;--awb-order-small:0;--awb-spacing-right-small:1.92%;--awb-spacing-left-small:1.92%;\"><div class=\"fusion-column-wrapper fusion-column-has-shadow fusion-flex-justify-content-flex-start fusion-content-layout-column\"><div class=\"fusion-text fusion-text-5\"><p><img data-recalc-dims=\"1\" decoding=\"async\" class=\"size-medium wp-image-11224 alignleft\" src=\"https:\/\/i0.wp.com\/well-grounded.org\/wp-content\/uploads\/2023\/11\/Justin-Ngandu-Kalombay.jpg?resize=225%2C300&#038;ssl=1\" alt=\"\" width=\"225\" height=\"300\" srcset=\"https:\/\/i0.wp.com\/well-grounded.org\/wp-content\/uploads\/2023\/11\/Justin-Ngandu-Kalombay.jpg?resize=200%2C267&amp;ssl=1 200w, https:\/\/i0.wp.com\/well-grounded.org\/wp-content\/uploads\/2023\/11\/Justin-Ngandu-Kalombay.jpg?resize=225%2C300&amp;ssl=1 225w, https:\/\/i0.wp.com\/well-grounded.org\/wp-content\/uploads\/2023\/11\/Justin-Ngandu-Kalombay.jpg?resize=400%2C534&amp;ssl=1 400w, https:\/\/i0.wp.com\/well-grounded.org\/wp-content\/uploads\/2023\/11\/Justin-Ngandu-Kalombay.jpg?resize=600%2C802&amp;ssl=1 600w, https:\/\/i0.wp.com\/well-grounded.org\/wp-content\/uploads\/2023\/11\/Justin-Ngandu-Kalombay.jpg?resize=767%2C1024&amp;ssl=1 767w, https:\/\/i0.wp.com\/well-grounded.org\/wp-content\/uploads\/2023\/11\/Justin-Ngandu-Kalombay.jpg?resize=768%2C1026&amp;ssl=1 768w, https:\/\/i0.wp.com\/well-grounded.org\/wp-content\/uploads\/2023\/11\/Justin-Ngandu-Kalombay.jpg?resize=800%2C1069&amp;ssl=1 800w, https:\/\/i0.wp.com\/well-grounded.org\/wp-content\/uploads\/2023\/11\/Justin-Ngandu-Kalombay.jpg?w=1036&amp;ssl=1 1036w\" sizes=\"(max-width: 225px) 100vw, 225px\" \/><\/p>\n<p><strong>Justin Ngandu Kalombay<\/strong>, For\u00eats et D\u00e9veloppement Durables (FODD), a partag\u00e9 : <em>\u00ab\u00a0Avant le programme de leadership \u00e9cof\u00e9ministe, des termes comme &lsquo;masculinit\u00e9 positive, genre et inclusion&rsquo; ne signifiaient pas grand-chose pour moi. Le voyage \u00e9cof\u00e9ministe a transform\u00e9 ma vie. Je consacre maintenant du temps \u00e0 ma famille, en particulier avec mes enfants et ma femme. Mon attitude envers les femmes a chang\u00e9. Je suis maintenant un leader f\u00e9ministe qui prot\u00e8ge les droits des femmes. Je travaille pour encourager les autres hommes \u00e0 comprendre le concept de &lsquo;masculinit\u00e9 positive&rsquo; et \u00e0 inclure le genre et l&rsquo;inclusion dans leurs activit\u00e9s quotidiennes.\u00a0\u00bb<\/em><\/p>\n<\/div><\/div><\/div><div class=\"fusion-layout-column fusion_builder_column fusion-builder-column-3 fusion_builder_column_1_1 1_1 fusion-flex-column\" style=\"--awb-bg-size:cover;--awb-width-large:100%;--awb-margin-top-large:10px;--awb-spacing-right-large:1.92%;--awb-margin-bottom-large:10px;--awb-spacing-left-large:1.92%;--awb-width-medium:100%;--awb-order-medium:0;--awb-spacing-right-medium:1.92%;--awb-spacing-left-medium:1.92%;--awb-width-small:100%;--awb-order-small:0;--awb-spacing-right-small:1.92%;--awb-spacing-left-small:1.92%;\"><div class=\"fusion-column-wrapper fusion-column-has-shadow fusion-flex-justify-content-flex-start fusion-content-layout-column\"><div class=\"fusion-text fusion-text-6\"><hr \/>\n<h3><span style=\"color: #000000;\"><strong>Well Grounded adresse ses meilleurs v\u0153ux \u00e0 tous les participant.e.s alors que vous poursuivez vos parcours, arm\u00e9.e.s de nouveaux outils, de conscience et de confiance. Votre mission de d\u00e9fendre la protection de l&rsquo;environnement et la justice sociale est inspirante.<\/strong><\/span><\/h3>\n<\/div><\/div><\/div><\/div><\/div>\n","protected":false},"excerpt":{"rendered":"","protected":false},"author":4,"featured_media":11251,"comment_status":"open","ping_status":"open","sticky":false,"template":"","format":"standard","meta":{"_jetpack_memberships_contains_paid_content":false,"footnotes":""},"categories":[352,353],"tags":[365],"class_list":["post-11262","post","type-post","status-publish","format-standard","has-post-thumbnail","hentry","category-evenement","category-nouvelles","tag-les-eclaireuses-fr"],"yoast_head":"<!-- This site is optimized with the Yoast SEO plugin v27.4 - https:\/\/yoast.com\/product\/yoast-seo-wordpress\/ -->\n<title>Bakokoli : Annonce de la derni\u00e8re cohorte de leaders \u00e9cof\u00e9ministes - Well Grounded<\/title>\n<meta name=\"robots\" content=\"index, follow, max-snippet:-1, max-image-preview:large, max-video-preview:-1\" \/>\n<link rel=\"canonical\" href=\"https:\/\/well-grounded.org\/fr\/bakokoli-annonce-de-la-derniere-cohorte-de-leaders-ecofeministes\/\" \/>\n<meta property=\"og:locale\" content=\"fr_FR\" \/>\n<meta property=\"og:type\" content=\"article\" \/>\n<meta property=\"og:title\" content=\"Bakokoli : Annonce de la derni\u00e8re cohorte de leaders \u00e9cof\u00e9ministes - Well Grounded\" \/>\n<meta property=\"og:url\" content=\"https:\/\/well-grounded.org\/fr\/bakokoli-annonce-de-la-derniere-cohorte-de-leaders-ecofeministes\/\" \/>\n<meta property=\"og:site_name\" content=\"Well Grounded\" \/>\n<meta property=\"article:published_time\" content=\"2023-11-06T13:35:20+00:00\" \/>\n<meta property=\"article:modified_time\" content=\"2024-10-02T10:39:44+00:00\" \/>\n<meta property=\"og:image\" content=\"https:\/\/well-grounded.org\/wp-content\/uploads\/2023\/11\/Kisantu-Retreat-1024x767.jpg\" \/>\n\t<meta property=\"og:image:width\" content=\"1024\" \/>\n\t<meta property=\"og:image:height\" content=\"767\" \/>\n\t<meta property=\"og:image:type\" content=\"image\/jpeg\" \/>\n<meta name=\"author\" content=\"Well Grounded\" \/>\n<meta name=\"twitter:card\" content=\"summary_large_image\" \/>\n<meta name=\"twitter:label1\" content=\"\u00c9crit par\" \/>\n\t<meta name=\"twitter:data1\" content=\"Well Grounded\" \/>\n\t<meta name=\"twitter:label2\" content=\"Dur\u00e9e de lecture estim\u00e9e\" \/>\n\t<meta name=\"twitter:data2\" content=\"4 minutes\" \/>\n<!-- \/ Yoast SEO plugin. -->","yoast_head_json":{"title":"Bakokoli : Annonce de la derni\u00e8re cohorte de leaders \u00e9cof\u00e9ministes - Well Grounded","robots":{"index":"index","follow":"follow","max-snippet":"max-snippet:-1","max-image-preview":"max-image-preview:large","max-video-preview":"max-video-preview:-1"},"canonical":"https:\/\/well-grounded.org\/fr\/bakokoli-annonce-de-la-derniere-cohorte-de-leaders-ecofeministes\/","og_locale":"fr_FR","og_type":"article","og_title":"Bakokoli : Annonce de la derni\u00e8re cohorte de leaders \u00e9cof\u00e9ministes - Well Grounded","og_url":"https:\/\/well-grounded.org\/fr\/bakokoli-annonce-de-la-derniere-cohorte-de-leaders-ecofeministes\/","og_site_name":"Well Grounded","article_published_time":"2023-11-06T13:35:20+00:00","article_modified_time":"2024-10-02T10:39:44+00:00","og_image":[{"width":1024,"height":767,"url":"https:\/\/well-grounded.org\/wp-content\/uploads\/2023\/11\/Kisantu-Retreat-1024x767.jpg","type":"image\/jpeg"}],"author":"Well Grounded","twitter_card":"summary_large_image","twitter_misc":{"\u00c9crit par":"Well Grounded","Dur\u00e9e de lecture estim\u00e9e":"4 minutes"},"schema":{"@context":"https:\/\/schema.org","@graph":[{"@type":"Article","@id":"https:\/\/well-grounded.org\/fr\/bakokoli-annonce-de-la-derniere-cohorte-de-leaders-ecofeministes\/#article","isPartOf":{"@id":"https:\/\/well-grounded.org\/fr\/bakokoli-annonce-de-la-derniere-cohorte-de-leaders-ecofeministes\/"},"author":{"name":"Well Grounded","@id":"https:\/\/well-grounded.org\/fr\/#\/schema\/person\/7e6004f3ee17e0f74c3586d3b9355c2e"},"headline":"Bakokoli : Annonce de la derni\u00e8re cohorte de leaders \u00e9cof\u00e9ministes","datePublished":"2023-11-06T13:35:20+00:00","dateModified":"2024-10-02T10:39:44+00:00","mainEntityOfPage":{"@id":"https:\/\/well-grounded.org\/fr\/bakokoli-annonce-de-la-derniere-cohorte-de-leaders-ecofeministes\/"},"wordCount":2599,"commentCount":0,"publisher":{"@id":"https:\/\/well-grounded.org\/fr\/#organization"},"image":{"@id":"https:\/\/well-grounded.org\/fr\/bakokoli-annonce-de-la-derniere-cohorte-de-leaders-ecofeministes\/#primaryimage"},"thumbnailUrl":"https:\/\/i0.wp.com\/well-grounded.org\/wp-content\/uploads\/2023\/11\/Kisantu-Retreat.jpg?fit=2004%2C1501&ssl=1","keywords":["Programme Les Eclaireuses"],"articleSection":["\u00c9v\u00e9nement","Nouvelles"],"inLanguage":"fr-FR","potentialAction":[{"@type":"CommentAction","name":"Comment","target":["https:\/\/well-grounded.org\/fr\/bakokoli-annonce-de-la-derniere-cohorte-de-leaders-ecofeministes\/#respond"]}]},{"@type":"WebPage","@id":"https:\/\/well-grounded.org\/fr\/bakokoli-annonce-de-la-derniere-cohorte-de-leaders-ecofeministes\/","url":"https:\/\/well-grounded.org\/fr\/bakokoli-annonce-de-la-derniere-cohorte-de-leaders-ecofeministes\/","name":"Bakokoli : Annonce de la derni\u00e8re cohorte de leaders \u00e9cof\u00e9ministes - Well Grounded","isPartOf":{"@id":"https:\/\/well-grounded.org\/fr\/#website"},"primaryImageOfPage":{"@id":"https:\/\/well-grounded.org\/fr\/bakokoli-annonce-de-la-derniere-cohorte-de-leaders-ecofeministes\/#primaryimage"},"image":{"@id":"https:\/\/well-grounded.org\/fr\/bakokoli-annonce-de-la-derniere-cohorte-de-leaders-ecofeministes\/#primaryimage"},"thumbnailUrl":"https:\/\/i0.wp.com\/well-grounded.org\/wp-content\/uploads\/2023\/11\/Kisantu-Retreat.jpg?fit=2004%2C1501&ssl=1","datePublished":"2023-11-06T13:35:20+00:00","dateModified":"2024-10-02T10:39:44+00:00","breadcrumb":{"@id":"https:\/\/well-grounded.org\/fr\/bakokoli-annonce-de-la-derniere-cohorte-de-leaders-ecofeministes\/#breadcrumb"},"inLanguage":"fr-FR","potentialAction":[{"@type":"ReadAction","target":["https:\/\/well-grounded.org\/fr\/bakokoli-annonce-de-la-derniere-cohorte-de-leaders-ecofeministes\/"]}]},{"@type":"ImageObject","inLanguage":"fr-FR","@id":"https:\/\/well-grounded.org\/fr\/bakokoli-annonce-de-la-derniere-cohorte-de-leaders-ecofeministes\/#primaryimage","url":"https:\/\/i0.wp.com\/well-grounded.org\/wp-content\/uploads\/2023\/11\/Kisantu-Retreat.jpg?fit=2004%2C1501&ssl=1","contentUrl":"https:\/\/i0.wp.com\/well-grounded.org\/wp-content\/uploads\/2023\/11\/Kisantu-Retreat.jpg?fit=2004%2C1501&ssl=1","width":2004,"height":1501},{"@type":"BreadcrumbList","@id":"https:\/\/well-grounded.org\/fr\/bakokoli-annonce-de-la-derniere-cohorte-de-leaders-ecofeministes\/#breadcrumb","itemListElement":[{"@type":"ListItem","position":1,"name":"Home","item":"https:\/\/well-grounded.org\/fr\/"},{"@type":"ListItem","position":2,"name":"Bakokoli : Annonce de la derni\u00e8re cohorte de leaders \u00e9cof\u00e9ministes"}]},{"@type":"WebSite","@id":"https:\/\/well-grounded.org\/fr\/#website","url":"https:\/\/well-grounded.org\/fr\/","name":"Well Grounded","description":"Empowering Civil Society","publisher":{"@id":"https:\/\/well-grounded.org\/fr\/#organization"},"potentialAction":[{"@type":"SearchAction","target":{"@type":"EntryPoint","urlTemplate":"https:\/\/well-grounded.org\/fr\/?s={search_term_string}"},"query-input":{"@type":"PropertyValueSpecification","valueRequired":true,"valueName":"search_term_string"}}],"inLanguage":"fr-FR"},{"@type":"Organization","@id":"https:\/\/well-grounded.org\/fr\/#organization","name":"Well Grounded","url":"https:\/\/well-grounded.org\/fr\/","logo":{"@type":"ImageObject","inLanguage":"fr-FR","@id":"https:\/\/well-grounded.org\/fr\/#\/schema\/logo\/image\/","url":"https:\/\/well-grounded.org\/wp-content\/uploads\/2022\/07\/Well-Grounded-Logo-with-tagline-no-Map.jpg","contentUrl":"https:\/\/well-grounded.org\/wp-content\/uploads\/2022\/07\/Well-Grounded-Logo-with-tagline-no-Map.jpg","width":1195,"height":809,"caption":"Well Grounded"},"image":{"@id":"https:\/\/well-grounded.org\/fr\/#\/schema\/logo\/image\/"}},{"@type":"Person","@id":"https:\/\/well-grounded.org\/fr\/#\/schema\/person\/7e6004f3ee17e0f74c3586d3b9355c2e","name":"Well Grounded","image":{"@type":"ImageObject","inLanguage":"fr-FR","@id":"https:\/\/secure.gravatar.com\/avatar\/e1b500dd98da65d1ef137abdd5a37ecc4b04f5d312dee48f90677828d947b973?s=96&d=mm&r=g","url":"https:\/\/secure.gravatar.com\/avatar\/e1b500dd98da65d1ef137abdd5a37ecc4b04f5d312dee48f90677828d947b973?s=96&d=mm&r=g","contentUrl":"https:\/\/secure.gravatar.com\/avatar\/e1b500dd98da65d1ef137abdd5a37ecc4b04f5d312dee48f90677828d947b973?s=96&d=mm&r=g","caption":"Well Grounded"},"sameAs":["http:\/\/well-grounded.org"],"url":"https:\/\/well-grounded.org\/fr\/author\/well-grounded\/"}]}},"jetpack_featured_media_url":"https:\/\/i0.wp.com\/well-grounded.org\/wp-content\/uploads\/2023\/11\/Kisantu-Retreat.jpg?fit=2004%2C1501&ssl=1","jetpack_sharing_enabled":true,"_links":{"self":[{"href":"https:\/\/well-grounded.org\/fr\/wp-json\/wp\/v2\/posts\/11262","targetHints":{"allow":["GET"]}}],"collection":[{"href":"https:\/\/well-grounded.org\/fr\/wp-json\/wp\/v2\/posts"}],"about":[{"href":"https:\/\/well-grounded.org\/fr\/wp-json\/wp\/v2\/types\/post"}],"author":[{"embeddable":true,"href":"https:\/\/well-grounded.org\/fr\/wp-json\/wp\/v2\/users\/4"}],"replies":[{"embeddable":true,"href":"https:\/\/well-grounded.org\/fr\/wp-json\/wp\/v2\/comments?post=11262"}],"version-history":[{"count":0,"href":"https:\/\/well-grounded.org\/fr\/wp-json\/wp\/v2\/posts\/11262\/revisions"}],"wp:featuredmedia":[{"embeddable":true,"href":"https:\/\/well-grounded.org\/fr\/wp-json\/wp\/v2\/media\/11251"}],"wp:attachment":[{"href":"https:\/\/well-grounded.org\/fr\/wp-json\/wp\/v2\/media?parent=11262"}],"wp:term":[{"taxonomy":"category","embeddable":true,"href":"https:\/\/well-grounded.org\/fr\/wp-json\/wp\/v2\/categories?post=11262"},{"taxonomy":"post_tag","embeddable":true,"href":"https:\/\/well-grounded.org\/fr\/wp-json\/wp\/v2\/tags?post=11262"}],"curies":[{"name":"wp","href":"https:\/\/api.w.org\/{rel}","templated":true}]}}