{"id":11117,"date":"2023-10-09T11:50:46","date_gmt":"2023-10-09T11:50:46","guid":{"rendered":"https:\/\/well-grounded.org\/?p=11117"},"modified":"2024-10-02T10:44:47","modified_gmt":"2024-10-02T10:44:47","slug":"reconstruire-lidentite-autochtone-dans-les-espaces-forestiers-recemment-octroyes-ou-acquis","status":"publish","type":"post","link":"https:\/\/well-grounded.org\/fr\/reconstruire-lidentite-autochtone-dans-les-espaces-forestiers-recemment-octroyes-ou-acquis\/","title":{"rendered":"Reconstruire l\u2019identit\u00e9 autochtone dans les espaces forestiers r\u00e9cemment octroy\u00e9s ou acquis"},"content":{"rendered":"<h2><strong>Webinaire dans notre s\u00e9rie d&rsquo;\u00e9v\u00e9nements en ligne visant la d\u00e9couverte de l\u2019h\u00e9ritage positif des Peuples Autochtones du Bassin du Congo<\/strong><\/h2>\n<h3><strong><span style=\"color: #333333;\">Mercredi 11 Octobre 2023<br \/>\n13h00 &#8211; 14h30 (Afrique Centrale et de l\u2019Ouest &#8211; UTC+1) \/ 14h00 &#8211; 15h30 (Afrique de l\u2019Est &#8211; UTC + 3)<\/span><\/strong><\/h3>\n<hr \/>\n<p>&nbsp;<\/p>\n<p>Dans le cadre du d\u00e9veloppement de son Programme de Leadership Autochtone, Well Grounded a le plaisir de vous inviter \u00e0 participer au quatri\u00e8me \u00e9v\u00e9nement de la s\u00e9rie d&rsquo;\u00e9v\u00e9nements en ligne visant la d\u00e9couverte de l\u2019h\u00e9ritage positif des Peuples Autochtones du Bassin du Congo.<\/p>\n<p>Les communaut\u00e9s autochtones du bassin du Congo se distinguent de plus en plus par trois types d\u2019identit\u00e9s. La premi\u00e8re dite: des conservateurs; la seconde : entre traditions et modernit\u00e9 et la troisi\u00e8me consid\u00e9r\u00e9e comme: la moderniste. Toutefois, le point commun entre toutes, reste la for\u00eat, espace unique d\u2019\u00e9panouissement de leur spiritualit\u00e9 et savoirs traditionnels. Des d\u00e9marches r\u00e9centes ont abouti \u00e0 l\u2019octroi ou l\u2019acquisition d\u2019espaces forestiers o\u00f9 les dites communaut\u00e9s re-int\u00e8grent la vie en for\u00eat mais, au-del\u00e0, d\u00e9veloppent des initiatives pour leur d\u00e9veloppement communautaire. Ces diff\u00e9rentes formes d\u2019occupation et de gestion de ces espaces ne sont pas \u00e0 la l\u2019abri de plusieurs d\u00e9fis majeurs.<\/p>\n<p><strong>Intervenant.es :\u00a0<\/strong><\/p>\n<p>Emile Elenga (Cameroun): Autochtone Baka, Pr\u00e9sident de l\u2019association des Baka de Lomi\u00e9 (ASBAK), r\u00e9gion de l\u2019Est-Cameroun.<\/p>\n<p>Timoth\u00e9e Emini (Cameroon) : Jeune Leader autochtone des for\u00eats, de la communaut\u00e9 Baka, D\u00e9fenseur des droits des communaut\u00e9s autochtones, Charg\u00e9 de programme avec Well Grounded, et Doctorant en Droit public \u00e0 l&rsquo;universit\u00e9 de Yaound\u00e9 2 au Cameroun.<\/p>\n<p>Thierry Birindwa (RDC), Directeur du Programme Int\u00e9gr\u00e9 pour le D\u00e9veloppement du peuple Pygm\u00e9e (PIDP) et\u00a0 chef d&rsquo;antenne de l\u2019Association nationale d\u2019appui et de promotion des aires du patrimoine autochtone et communautaire (ANAPAC) au Sud Kivu.<\/p>\n<p>Me Justin Safari (RDC), Assistant technique au PIDP<\/p>\n<p><b>Veuillez suivre <\/b><a href=\"https:\/\/us06web.zoom.us\/j\/85196474140?pwd=MGZid0JVL2QxdFg3bFQ2ZDJhd014UT09\" target=\"_blank\" rel=\"noopener\"><b>ce lien pour enregistrer pour l&rsquo;\u00e9v\u00e9nement<\/b><\/a><\/p>\n","protected":false},"excerpt":{"rendered":"<p>Webinaire dans notre s\u00e9rie d&rsquo;\u00e9v\u00e9nements en ligne visant la d\u00e9couverte de l\u2019h\u00e9ritage positif des Peuples Autochtones du Bassin du Congo Mercredi 11 Octobre 2023 13h00 &#8211; 14h30 (Afrique Centrale et de l\u2019Ouest &#8211; UTC+1) \/ 14h00 &#8211; 15h30 (Afrique de l\u2019Est &#8211; UTC + 3) &nbsp; Dans le cadre du d\u00e9veloppement de son Programme de Leadership Autochtone, Well Grounded a le plaisir de vous inviter \u00e0 participer au quatri\u00e8me \u00e9v\u00e9nement de la s\u00e9rie d&rsquo;\u00e9v\u00e9nements en ligne visant la d\u00e9couverte de l\u2019h\u00e9ritage positif des Peuples Autochtones du Bassin du Congo. Les communaut\u00e9s autochtones du bassin du Congo se distinguent de plus en <a href=\"https:\/\/well-grounded.org\/fr\/reconstruire-lidentite-autochtone-dans-les-espaces-forestiers-recemment-octroyes-ou-acquis\/\"> [&#8230;]<\/a><\/p>\n","protected":false},"author":4,"featured_media":11109,"comment_status":"open","ping_status":"open","sticky":false,"template":"","format":"standard","meta":{"_jetpack_memberships_contains_paid_content":false,"footnotes":""},"categories":[352],"tags":[356],"class_list":["post-11117","post","type-post","status-publish","format-standard","has-post-thumbnail","hentry","category-evenement","tag-leadership-des-peuples-autochtones"],"yoast_head":"<!-- This site is optimized with the Yoast SEO plugin v27.4 - https:\/\/yoast.com\/product\/yoast-seo-wordpress\/ -->\n<title>Reconstruire l\u2019identit\u00e9 autochtone dans les espaces forestiers r\u00e9cemment octroy\u00e9s ou acquis - Well Grounded<\/title>\n<meta name=\"robots\" content=\"index, follow, max-snippet:-1, max-image-preview:large, max-video-preview:-1\" \/>\n<link rel=\"canonical\" href=\"https:\/\/well-grounded.org\/fr\/reconstruire-lidentite-autochtone-dans-les-espaces-forestiers-recemment-octroyes-ou-acquis\/\" \/>\n<meta property=\"og:locale\" content=\"fr_FR\" \/>\n<meta property=\"og:type\" content=\"article\" \/>\n<meta property=\"og:title\" content=\"Reconstruire l\u2019identit\u00e9 autochtone dans les espaces forestiers r\u00e9cemment octroy\u00e9s ou acquis - Well Grounded\" \/>\n<meta property=\"og:description\" content=\"Webinaire dans notre s\u00e9rie d&rsquo;\u00e9v\u00e9nements en ligne visant la d\u00e9couverte de l\u2019h\u00e9ritage positif des Peuples Autochtones du Bassin du Congo Mercredi 11 Octobre 2023 13h00 &#8211; 14h30 (Afrique Centrale et de l\u2019Ouest &#8211; UTC+1) \/ 14h00 &#8211; 15h30 (Afrique de l\u2019Est &#8211; UTC + 3) &nbsp; Dans le cadre du d\u00e9veloppement de son Programme de Leadership Autochtone, Well Grounded a le plaisir de vous inviter \u00e0 participer au quatri\u00e8me \u00e9v\u00e9nement de la s\u00e9rie d&rsquo;\u00e9v\u00e9nements en ligne visant la d\u00e9couverte de l\u2019h\u00e9ritage positif des Peuples Autochtones du Bassin du Congo. Les communaut\u00e9s autochtones du bassin du Congo se distinguent de plus en [...]\" \/>\n<meta property=\"og:url\" content=\"https:\/\/well-grounded.org\/fr\/reconstruire-lidentite-autochtone-dans-les-espaces-forestiers-recemment-octroyes-ou-acquis\/\" \/>\n<meta property=\"og:site_name\" content=\"Well Grounded\" \/>\n<meta property=\"article:published_time\" content=\"2023-10-09T11:50:46+00:00\" \/>\n<meta property=\"article:modified_time\" content=\"2024-10-02T10:44:47+00:00\" \/>\n<meta property=\"og:image\" content=\"https:\/\/well-grounded.org\/wp-content\/uploads\/2023\/10\/Reunion-communautaire-village-Baka-de-Miatta-scaled.jpg\" \/>\n\t<meta property=\"og:image:width\" content=\"2560\" \/>\n\t<meta property=\"og:image:height\" content=\"1920\" \/>\n\t<meta property=\"og:image:type\" content=\"image\/jpeg\" \/>\n<meta name=\"author\" content=\"Well Grounded\" \/>\n<meta name=\"twitter:card\" content=\"summary_large_image\" \/>\n<meta name=\"twitter:label1\" content=\"\u00c9crit par\" \/>\n\t<meta name=\"twitter:data1\" content=\"Well Grounded\" \/>\n\t<meta name=\"twitter:label2\" content=\"Dur\u00e9e de lecture estim\u00e9e\" \/>\n\t<meta name=\"twitter:data2\" content=\"2 minutes\" \/>\n<!-- \/ Yoast SEO plugin. -->","yoast_head_json":{"title":"Reconstruire l\u2019identit\u00e9 autochtone dans les espaces forestiers r\u00e9cemment octroy\u00e9s ou acquis - Well Grounded","robots":{"index":"index","follow":"follow","max-snippet":"max-snippet:-1","max-image-preview":"max-image-preview:large","max-video-preview":"max-video-preview:-1"},"canonical":"https:\/\/well-grounded.org\/fr\/reconstruire-lidentite-autochtone-dans-les-espaces-forestiers-recemment-octroyes-ou-acquis\/","og_locale":"fr_FR","og_type":"article","og_title":"Reconstruire l\u2019identit\u00e9 autochtone dans les espaces forestiers r\u00e9cemment octroy\u00e9s ou acquis - Well Grounded","og_description":"Webinaire dans notre s\u00e9rie d&rsquo;\u00e9v\u00e9nements en ligne visant la d\u00e9couverte de l\u2019h\u00e9ritage positif des Peuples Autochtones du Bassin du Congo Mercredi 11 Octobre 2023 13h00 &#8211; 14h30 (Afrique Centrale et de l\u2019Ouest &#8211; UTC+1) \/ 14h00 &#8211; 15h30 (Afrique de l\u2019Est &#8211; UTC + 3) &nbsp; Dans le cadre du d\u00e9veloppement de son Programme de Leadership Autochtone, Well Grounded a le plaisir de vous inviter \u00e0 participer au quatri\u00e8me \u00e9v\u00e9nement de la s\u00e9rie d&rsquo;\u00e9v\u00e9nements en ligne visant la d\u00e9couverte de l\u2019h\u00e9ritage positif des Peuples Autochtones du Bassin du Congo. Les communaut\u00e9s autochtones du bassin du Congo se distinguent de plus en [...]","og_url":"https:\/\/well-grounded.org\/fr\/reconstruire-lidentite-autochtone-dans-les-espaces-forestiers-recemment-octroyes-ou-acquis\/","og_site_name":"Well Grounded","article_published_time":"2023-10-09T11:50:46+00:00","article_modified_time":"2024-10-02T10:44:47+00:00","og_image":[{"width":2560,"height":1920,"url":"https:\/\/well-grounded.org\/wp-content\/uploads\/2023\/10\/Reunion-communautaire-village-Baka-de-Miatta-scaled.jpg","type":"image\/jpeg"}],"author":"Well Grounded","twitter_card":"summary_large_image","twitter_misc":{"\u00c9crit par":"Well Grounded","Dur\u00e9e de lecture estim\u00e9e":"2 minutes"},"schema":{"@context":"https:\/\/schema.org","@graph":[{"@type":"Article","@id":"https:\/\/well-grounded.org\/fr\/reconstruire-lidentite-autochtone-dans-les-espaces-forestiers-recemment-octroyes-ou-acquis\/#article","isPartOf":{"@id":"https:\/\/well-grounded.org\/fr\/reconstruire-lidentite-autochtone-dans-les-espaces-forestiers-recemment-octroyes-ou-acquis\/"},"author":{"name":"Well Grounded","@id":"https:\/\/well-grounded.org\/fr\/#\/schema\/person\/7e6004f3ee17e0f74c3586d3b9355c2e"},"headline":"Reconstruire l\u2019identit\u00e9 autochtone dans les espaces forestiers r\u00e9cemment octroy\u00e9s ou acquis","datePublished":"2023-10-09T11:50:46+00:00","dateModified":"2024-10-02T10:44:47+00:00","mainEntityOfPage":{"@id":"https:\/\/well-grounded.org\/fr\/reconstruire-lidentite-autochtone-dans-les-espaces-forestiers-recemment-octroyes-ou-acquis\/"},"wordCount":357,"commentCount":0,"publisher":{"@id":"https:\/\/well-grounded.org\/fr\/#organization"},"image":{"@id":"https:\/\/well-grounded.org\/fr\/reconstruire-lidentite-autochtone-dans-les-espaces-forestiers-recemment-octroyes-ou-acquis\/#primaryimage"},"thumbnailUrl":"https:\/\/i0.wp.com\/well-grounded.org\/wp-content\/uploads\/2023\/10\/Reunion-communautaire-village-Baka-de-Miatta-scaled.jpg?fit=2560%2C1920&ssl=1","keywords":["Programme de leadership des peuples autochtones"],"articleSection":["\u00c9v\u00e9nement"],"inLanguage":"fr-FR","potentialAction":[{"@type":"CommentAction","name":"Comment","target":["https:\/\/well-grounded.org\/fr\/reconstruire-lidentite-autochtone-dans-les-espaces-forestiers-recemment-octroyes-ou-acquis\/#respond"]}]},{"@type":"WebPage","@id":"https:\/\/well-grounded.org\/fr\/reconstruire-lidentite-autochtone-dans-les-espaces-forestiers-recemment-octroyes-ou-acquis\/","url":"https:\/\/well-grounded.org\/fr\/reconstruire-lidentite-autochtone-dans-les-espaces-forestiers-recemment-octroyes-ou-acquis\/","name":"Reconstruire l\u2019identit\u00e9 autochtone dans les espaces forestiers r\u00e9cemment octroy\u00e9s ou acquis - Well Grounded","isPartOf":{"@id":"https:\/\/well-grounded.org\/fr\/#website"},"primaryImageOfPage":{"@id":"https:\/\/well-grounded.org\/fr\/reconstruire-lidentite-autochtone-dans-les-espaces-forestiers-recemment-octroyes-ou-acquis\/#primaryimage"},"image":{"@id":"https:\/\/well-grounded.org\/fr\/reconstruire-lidentite-autochtone-dans-les-espaces-forestiers-recemment-octroyes-ou-acquis\/#primaryimage"},"thumbnailUrl":"https:\/\/i0.wp.com\/well-grounded.org\/wp-content\/uploads\/2023\/10\/Reunion-communautaire-village-Baka-de-Miatta-scaled.jpg?fit=2560%2C1920&ssl=1","datePublished":"2023-10-09T11:50:46+00:00","dateModified":"2024-10-02T10:44:47+00:00","breadcrumb":{"@id":"https:\/\/well-grounded.org\/fr\/reconstruire-lidentite-autochtone-dans-les-espaces-forestiers-recemment-octroyes-ou-acquis\/#breadcrumb"},"inLanguage":"fr-FR","potentialAction":[{"@type":"ReadAction","target":["https:\/\/well-grounded.org\/fr\/reconstruire-lidentite-autochtone-dans-les-espaces-forestiers-recemment-octroyes-ou-acquis\/"]}]},{"@type":"ImageObject","inLanguage":"fr-FR","@id":"https:\/\/well-grounded.org\/fr\/reconstruire-lidentite-autochtone-dans-les-espaces-forestiers-recemment-octroyes-ou-acquis\/#primaryimage","url":"https:\/\/i0.wp.com\/well-grounded.org\/wp-content\/uploads\/2023\/10\/Reunion-communautaire-village-Baka-de-Miatta-scaled.jpg?fit=2560%2C1920&ssl=1","contentUrl":"https:\/\/i0.wp.com\/well-grounded.org\/wp-content\/uploads\/2023\/10\/Reunion-communautaire-village-Baka-de-Miatta-scaled.jpg?fit=2560%2C1920&ssl=1","width":2560,"height":1920},{"@type":"BreadcrumbList","@id":"https:\/\/well-grounded.org\/fr\/reconstruire-lidentite-autochtone-dans-les-espaces-forestiers-recemment-octroyes-ou-acquis\/#breadcrumb","itemListElement":[{"@type":"ListItem","position":1,"name":"Home","item":"https:\/\/well-grounded.org\/fr\/"},{"@type":"ListItem","position":2,"name":"Reconstruire l\u2019identit\u00e9 autochtone dans les espaces forestiers r\u00e9cemment octroy\u00e9s ou acquis"}]},{"@type":"WebSite","@id":"https:\/\/well-grounded.org\/fr\/#website","url":"https:\/\/well-grounded.org\/fr\/","name":"Well Grounded","description":"Empowering Civil Society","publisher":{"@id":"https:\/\/well-grounded.org\/fr\/#organization"},"potentialAction":[{"@type":"SearchAction","target":{"@type":"EntryPoint","urlTemplate":"https:\/\/well-grounded.org\/fr\/?s={search_term_string}"},"query-input":{"@type":"PropertyValueSpecification","valueRequired":true,"valueName":"search_term_string"}}],"inLanguage":"fr-FR"},{"@type":"Organization","@id":"https:\/\/well-grounded.org\/fr\/#organization","name":"Well Grounded","url":"https:\/\/well-grounded.org\/fr\/","logo":{"@type":"ImageObject","inLanguage":"fr-FR","@id":"https:\/\/well-grounded.org\/fr\/#\/schema\/logo\/image\/","url":"https:\/\/well-grounded.org\/wp-content\/uploads\/2022\/07\/Well-Grounded-Logo-with-tagline-no-Map.jpg","contentUrl":"https:\/\/well-grounded.org\/wp-content\/uploads\/2022\/07\/Well-Grounded-Logo-with-tagline-no-Map.jpg","width":1195,"height":809,"caption":"Well Grounded"},"image":{"@id":"https:\/\/well-grounded.org\/fr\/#\/schema\/logo\/image\/"}},{"@type":"Person","@id":"https:\/\/well-grounded.org\/fr\/#\/schema\/person\/7e6004f3ee17e0f74c3586d3b9355c2e","name":"Well Grounded","image":{"@type":"ImageObject","inLanguage":"fr-FR","@id":"https:\/\/secure.gravatar.com\/avatar\/e1b500dd98da65d1ef137abdd5a37ecc4b04f5d312dee48f90677828d947b973?s=96&d=mm&r=g","url":"https:\/\/secure.gravatar.com\/avatar\/e1b500dd98da65d1ef137abdd5a37ecc4b04f5d312dee48f90677828d947b973?s=96&d=mm&r=g","contentUrl":"https:\/\/secure.gravatar.com\/avatar\/e1b500dd98da65d1ef137abdd5a37ecc4b04f5d312dee48f90677828d947b973?s=96&d=mm&r=g","caption":"Well Grounded"},"sameAs":["http:\/\/well-grounded.org"],"url":"https:\/\/well-grounded.org\/fr\/author\/well-grounded\/"}]}},"jetpack_featured_media_url":"https:\/\/i0.wp.com\/well-grounded.org\/wp-content\/uploads\/2023\/10\/Reunion-communautaire-village-Baka-de-Miatta-scaled.jpg?fit=2560%2C1920&ssl=1","jetpack_sharing_enabled":true,"_links":{"self":[{"href":"https:\/\/well-grounded.org\/fr\/wp-json\/wp\/v2\/posts\/11117","targetHints":{"allow":["GET"]}}],"collection":[{"href":"https:\/\/well-grounded.org\/fr\/wp-json\/wp\/v2\/posts"}],"about":[{"href":"https:\/\/well-grounded.org\/fr\/wp-json\/wp\/v2\/types\/post"}],"author":[{"embeddable":true,"href":"https:\/\/well-grounded.org\/fr\/wp-json\/wp\/v2\/users\/4"}],"replies":[{"embeddable":true,"href":"https:\/\/well-grounded.org\/fr\/wp-json\/wp\/v2\/comments?post=11117"}],"version-history":[{"count":0,"href":"https:\/\/well-grounded.org\/fr\/wp-json\/wp\/v2\/posts\/11117\/revisions"}],"wp:featuredmedia":[{"embeddable":true,"href":"https:\/\/well-grounded.org\/fr\/wp-json\/wp\/v2\/media\/11109"}],"wp:attachment":[{"href":"https:\/\/well-grounded.org\/fr\/wp-json\/wp\/v2\/media?parent=11117"}],"wp:term":[{"taxonomy":"category","embeddable":true,"href":"https:\/\/well-grounded.org\/fr\/wp-json\/wp\/v2\/categories?post=11117"},{"taxonomy":"post_tag","embeddable":true,"href":"https:\/\/well-grounded.org\/fr\/wp-json\/wp\/v2\/tags?post=11117"}],"curies":[{"name":"wp","href":"https:\/\/api.w.org\/{rel}","templated":true}]}}