{"id":11025,"date":"2023-09-08T11:19:44","date_gmt":"2023-09-08T11:19:44","guid":{"rendered":"https:\/\/well-grounded.org\/?p=11025"},"modified":"2024-10-02T10:45:42","modified_gmt":"2024-10-02T10:45:42","slug":"experiences-reussites-et-defis-dans-la-securisation-des-terres-coutumierement-gerees-par-les-peuples-autochtones-du-bassin-du-congo","status":"publish","type":"post","link":"https:\/\/well-grounded.org\/fr\/experiences-reussites-et-defis-dans-la-securisation-des-terres-coutumierement-gerees-par-les-peuples-autochtones-du-bassin-du-congo\/","title":{"rendered":"Exp\u00e9riences, r\u00e9ussites et d\u00e9fis dans la s\u00e9curisation des terres coutumi\u00e8rement g\u00e9r\u00e9es par les Peuples Autochtones du Bassin du Congo"},"content":{"rendered":"<h2><strong><span style=\"color: #333333;\">Webinaire dans notre s\u00e9rie d&rsquo;\u00e9v\u00e9nements en ligne visant la d\u00e9couverte de l\u2019h\u00e9ritage positif des Peuples Autochtones du Bassin du Congo<\/span><\/strong><\/h2>\n<h3><span style=\"color: #333333;\"><strong>14 Septembre 2023,<br \/>\n13h00 &#8211; 14h30 (Afrique Centrale et de l\u2019Ouest &#8211; UTC+1) \/ 14h00 &#8211; 15h30 (Afrique de l\u2019Est &#8211; UTC + 3)<\/strong><\/span><\/h3>\n<p>&nbsp;<\/p>\n<p>&nbsp;<\/p>\n<p>Dans le cadre du d\u00e9veloppement de son Programme de Leadership Autochtone, Well Grounded a le plaisir de vous inviter \u00e0 participer au troisi\u00e8me \u00e9v\u00e9nement de la s\u00e9rie d&rsquo;\u00e9v\u00e9nements en ligne visant la d\u00e9couverte de l\u2019h\u00e9ritage positif des Peuples Autochtones du Bassin du Congo.<\/p>\n<p>L\u2019un des d\u00e9fis \u00e0 adresser par les Peuples Autochtones du Bassin du Congo, c\u2019est celui de l\u2019acc\u00e8s libre aux espaces forestiers afin de continuer de vivre selon leurs modes de vie vu que, soit pour des objectifs de conservation, soit pour des raisons de modernit\u00e9s, ces peuples se sont retrouvent hors de ces derniers et\/ou en p\u00e9riph\u00e9rie. Quelques d\u00e9marches visant \u00e0 s\u00e9curiser des terres aux Peuples Autochtones et soutenues par elles-m\u00eames et leurs partenaires sont identifi\u00e9es. Leurs t\u00e9moignages\u00a0 meubleront la conversation de l&rsquo;\u00e9v\u00e9nement en ligne.<\/p>\n<p><span style=\"color: #333333;\"><strong>Intervenant principal :<br \/>\n<\/strong><\/span>Rapha\u00ebl Mboyo Bikopo (RDC) : Leader autochtone, Rapha\u00ebl est assistant technique \u00e0 la Coordination du r\u00e9seau des populations autochtones et locales pour la gestion des \u00e9cosyst\u00e8mes forestiers de la RDC, REPALEF-RDC. Il est \u00e9galement engag\u00e9 dans la promotion et la d\u00e9fense de leurs droits avec une exp\u00e9rience dans le monitoring forestiers et la transformation des conflits dans les processus de d\u00e9veloppement communautaire.<\/p>\n<p><b>Veuillez suivre <\/b><a href=\"https:\/\/us06web.zoom.us\/j\/89333473470?pwd=ckpUV01GdUtjVzUyQVFONXN1Qkx0UT09\"><b>ce lien pour enregistrer pour l&rsquo;\u00e9v\u00e9nement<\/b><\/a><\/p>\n","protected":false},"excerpt":{"rendered":"<p>Webinaire dans notre s\u00e9rie d&rsquo;\u00e9v\u00e9nements en ligne visant la d\u00e9couverte de l\u2019h\u00e9ritage positif des Peuples Autochtones du Bassin du Congo 14 Septembre 2023, 13h00 &#8211; 14h30 (Afrique Centrale et de l\u2019Ouest &#8211; UTC+1) \/ 14h00 &#8211; 15h30 (Afrique de l\u2019Est &#8211; UTC + 3) &nbsp; &nbsp; Dans le cadre du d\u00e9veloppement de son Programme de Leadership Autochtone, Well Grounded a le plaisir de vous inviter \u00e0 participer au troisi\u00e8me \u00e9v\u00e9nement de la s\u00e9rie d&rsquo;\u00e9v\u00e9nements en ligne visant la d\u00e9couverte de l\u2019h\u00e9ritage positif des Peuples Autochtones du Bassin du Congo. L\u2019un des d\u00e9fis \u00e0 adresser par les Peuples Autochtones du Bassin du <a href=\"https:\/\/well-grounded.org\/fr\/experiences-reussites-et-defis-dans-la-securisation-des-terres-coutumierement-gerees-par-les-peuples-autochtones-du-bassin-du-congo\/\"> [&#8230;]<\/a><\/p>\n","protected":false},"author":4,"featured_media":11041,"comment_status":"open","ping_status":"open","sticky":false,"template":"","format":"standard","meta":{"_jetpack_memberships_contains_paid_content":false,"footnotes":""},"categories":[352],"tags":[356],"class_list":["post-11025","post","type-post","status-publish","format-standard","has-post-thumbnail","hentry","category-evenement","tag-leadership-des-peuples-autochtones"],"yoast_head":"<!-- This site is optimized with the Yoast SEO plugin v27.4 - https:\/\/yoast.com\/product\/yoast-seo-wordpress\/ -->\n<title>Exp\u00e9riences, r\u00e9ussites et d\u00e9fis dans la s\u00e9curisation des terres coutumi\u00e8rement g\u00e9r\u00e9es par les Peuples Autochtones du Bassin du Congo - Well Grounded<\/title>\n<meta name=\"robots\" content=\"index, follow, max-snippet:-1, max-image-preview:large, max-video-preview:-1\" \/>\n<link rel=\"canonical\" href=\"https:\/\/well-grounded.org\/fr\/experiences-reussites-et-defis-dans-la-securisation-des-terres-coutumierement-gerees-par-les-peuples-autochtones-du-bassin-du-congo\/\" \/>\n<meta property=\"og:locale\" content=\"fr_FR\" \/>\n<meta property=\"og:type\" content=\"article\" \/>\n<meta property=\"og:title\" content=\"Exp\u00e9riences, r\u00e9ussites et d\u00e9fis dans la s\u00e9curisation des terres coutumi\u00e8rement g\u00e9r\u00e9es par les Peuples Autochtones du Bassin du Congo - Well Grounded\" \/>\n<meta property=\"og:description\" content=\"Webinaire dans notre s\u00e9rie d&rsquo;\u00e9v\u00e9nements en ligne visant la d\u00e9couverte de l\u2019h\u00e9ritage positif des Peuples Autochtones du Bassin du Congo 14 Septembre 2023, 13h00 &#8211; 14h30 (Afrique Centrale et de l\u2019Ouest &#8211; UTC+1) \/ 14h00 &#8211; 15h30 (Afrique de l\u2019Est &#8211; UTC + 3) &nbsp; &nbsp; Dans le cadre du d\u00e9veloppement de son Programme de Leadership Autochtone, Well Grounded a le plaisir de vous inviter \u00e0 participer au troisi\u00e8me \u00e9v\u00e9nement de la s\u00e9rie d&rsquo;\u00e9v\u00e9nements en ligne visant la d\u00e9couverte de l\u2019h\u00e9ritage positif des Peuples Autochtones du Bassin du Congo. L\u2019un des d\u00e9fis \u00e0 adresser par les Peuples Autochtones du Bassin du [...]\" \/>\n<meta property=\"og:url\" content=\"https:\/\/well-grounded.org\/fr\/experiences-reussites-et-defis-dans-la-securisation-des-terres-coutumierement-gerees-par-les-peuples-autochtones-du-bassin-du-congo\/\" \/>\n<meta property=\"og:site_name\" content=\"Well Grounded\" \/>\n<meta property=\"article:published_time\" content=\"2023-09-08T11:19:44+00:00\" \/>\n<meta property=\"article:modified_time\" content=\"2024-10-02T10:45:42+00:00\" \/>\n<meta property=\"og:image\" content=\"https:\/\/well-grounded.org\/wp-content\/uploads\/2023\/09\/Well-Grounded-dance-group-with-Timothe-.jpg\" \/>\n\t<meta property=\"og:image:width\" content=\"853\" \/>\n\t<meta property=\"og:image:height\" content=\"677\" \/>\n\t<meta property=\"og:image:type\" content=\"image\/jpeg\" \/>\n<meta name=\"author\" content=\"Well Grounded\" \/>\n<meta name=\"twitter:card\" content=\"summary_large_image\" \/>\n<meta name=\"twitter:label1\" content=\"\u00c9crit par\" \/>\n\t<meta name=\"twitter:data1\" content=\"Well Grounded\" \/>\n\t<meta name=\"twitter:label2\" content=\"Dur\u00e9e de lecture estim\u00e9e\" \/>\n\t<meta name=\"twitter:data2\" content=\"2 minutes\" \/>\n<!-- \/ Yoast SEO plugin. -->","yoast_head_json":{"title":"Exp\u00e9riences, r\u00e9ussites et d\u00e9fis dans la s\u00e9curisation des terres coutumi\u00e8rement g\u00e9r\u00e9es par les Peuples Autochtones du Bassin du Congo - Well Grounded","robots":{"index":"index","follow":"follow","max-snippet":"max-snippet:-1","max-image-preview":"max-image-preview:large","max-video-preview":"max-video-preview:-1"},"canonical":"https:\/\/well-grounded.org\/fr\/experiences-reussites-et-defis-dans-la-securisation-des-terres-coutumierement-gerees-par-les-peuples-autochtones-du-bassin-du-congo\/","og_locale":"fr_FR","og_type":"article","og_title":"Exp\u00e9riences, r\u00e9ussites et d\u00e9fis dans la s\u00e9curisation des terres coutumi\u00e8rement g\u00e9r\u00e9es par les Peuples Autochtones du Bassin du Congo - Well Grounded","og_description":"Webinaire dans notre s\u00e9rie d&rsquo;\u00e9v\u00e9nements en ligne visant la d\u00e9couverte de l\u2019h\u00e9ritage positif des Peuples Autochtones du Bassin du Congo 14 Septembre 2023, 13h00 &#8211; 14h30 (Afrique Centrale et de l\u2019Ouest &#8211; UTC+1) \/ 14h00 &#8211; 15h30 (Afrique de l\u2019Est &#8211; UTC + 3) &nbsp; &nbsp; Dans le cadre du d\u00e9veloppement de son Programme de Leadership Autochtone, Well Grounded a le plaisir de vous inviter \u00e0 participer au troisi\u00e8me \u00e9v\u00e9nement de la s\u00e9rie d&rsquo;\u00e9v\u00e9nements en ligne visant la d\u00e9couverte de l\u2019h\u00e9ritage positif des Peuples Autochtones du Bassin du Congo. L\u2019un des d\u00e9fis \u00e0 adresser par les Peuples Autochtones du Bassin du [...]","og_url":"https:\/\/well-grounded.org\/fr\/experiences-reussites-et-defis-dans-la-securisation-des-terres-coutumierement-gerees-par-les-peuples-autochtones-du-bassin-du-congo\/","og_site_name":"Well Grounded","article_published_time":"2023-09-08T11:19:44+00:00","article_modified_time":"2024-10-02T10:45:42+00:00","og_image":[{"width":853,"height":677,"url":"https:\/\/well-grounded.org\/wp-content\/uploads\/2023\/09\/Well-Grounded-dance-group-with-Timothe-.jpg","type":"image\/jpeg"}],"author":"Well Grounded","twitter_card":"summary_large_image","twitter_misc":{"\u00c9crit par":"Well Grounded","Dur\u00e9e de lecture estim\u00e9e":"2 minutes"},"schema":{"@context":"https:\/\/schema.org","@graph":[{"@type":"Article","@id":"https:\/\/well-grounded.org\/fr\/experiences-reussites-et-defis-dans-la-securisation-des-terres-coutumierement-gerees-par-les-peuples-autochtones-du-bassin-du-congo\/#article","isPartOf":{"@id":"https:\/\/well-grounded.org\/fr\/experiences-reussites-et-defis-dans-la-securisation-des-terres-coutumierement-gerees-par-les-peuples-autochtones-du-bassin-du-congo\/"},"author":{"name":"Well Grounded","@id":"https:\/\/well-grounded.org\/fr\/#\/schema\/person\/7e6004f3ee17e0f74c3586d3b9355c2e"},"headline":"Exp\u00e9riences, r\u00e9ussites et d\u00e9fis dans la s\u00e9curisation des terres coutumi\u00e8rement g\u00e9r\u00e9es par les Peuples Autochtones du Bassin du Congo","datePublished":"2023-09-08T11:19:44+00:00","dateModified":"2024-10-02T10:45:42+00:00","mainEntityOfPage":{"@id":"https:\/\/well-grounded.org\/fr\/experiences-reussites-et-defis-dans-la-securisation-des-terres-coutumierement-gerees-par-les-peuples-autochtones-du-bassin-du-congo\/"},"wordCount":304,"commentCount":0,"publisher":{"@id":"https:\/\/well-grounded.org\/fr\/#organization"},"image":{"@id":"https:\/\/well-grounded.org\/fr\/experiences-reussites-et-defis-dans-la-securisation-des-terres-coutumierement-gerees-par-les-peuples-autochtones-du-bassin-du-congo\/#primaryimage"},"thumbnailUrl":"https:\/\/i0.wp.com\/well-grounded.org\/wp-content\/uploads\/2023\/09\/Well-Grounded-dance-group-with-Timothe-.jpg?fit=853%2C677&ssl=1","keywords":["Programme de leadership des peuples autochtones"],"articleSection":["\u00c9v\u00e9nement"],"inLanguage":"fr-FR","potentialAction":[{"@type":"CommentAction","name":"Comment","target":["https:\/\/well-grounded.org\/fr\/experiences-reussites-et-defis-dans-la-securisation-des-terres-coutumierement-gerees-par-les-peuples-autochtones-du-bassin-du-congo\/#respond"]}]},{"@type":"WebPage","@id":"https:\/\/well-grounded.org\/fr\/experiences-reussites-et-defis-dans-la-securisation-des-terres-coutumierement-gerees-par-les-peuples-autochtones-du-bassin-du-congo\/","url":"https:\/\/well-grounded.org\/fr\/experiences-reussites-et-defis-dans-la-securisation-des-terres-coutumierement-gerees-par-les-peuples-autochtones-du-bassin-du-congo\/","name":"Exp\u00e9riences, r\u00e9ussites et d\u00e9fis dans la s\u00e9curisation des terres coutumi\u00e8rement g\u00e9r\u00e9es par les Peuples Autochtones du Bassin du Congo - Well Grounded","isPartOf":{"@id":"https:\/\/well-grounded.org\/fr\/#website"},"primaryImageOfPage":{"@id":"https:\/\/well-grounded.org\/fr\/experiences-reussites-et-defis-dans-la-securisation-des-terres-coutumierement-gerees-par-les-peuples-autochtones-du-bassin-du-congo\/#primaryimage"},"image":{"@id":"https:\/\/well-grounded.org\/fr\/experiences-reussites-et-defis-dans-la-securisation-des-terres-coutumierement-gerees-par-les-peuples-autochtones-du-bassin-du-congo\/#primaryimage"},"thumbnailUrl":"https:\/\/i0.wp.com\/well-grounded.org\/wp-content\/uploads\/2023\/09\/Well-Grounded-dance-group-with-Timothe-.jpg?fit=853%2C677&ssl=1","datePublished":"2023-09-08T11:19:44+00:00","dateModified":"2024-10-02T10:45:42+00:00","breadcrumb":{"@id":"https:\/\/well-grounded.org\/fr\/experiences-reussites-et-defis-dans-la-securisation-des-terres-coutumierement-gerees-par-les-peuples-autochtones-du-bassin-du-congo\/#breadcrumb"},"inLanguage":"fr-FR","potentialAction":[{"@type":"ReadAction","target":["https:\/\/well-grounded.org\/fr\/experiences-reussites-et-defis-dans-la-securisation-des-terres-coutumierement-gerees-par-les-peuples-autochtones-du-bassin-du-congo\/"]}]},{"@type":"ImageObject","inLanguage":"fr-FR","@id":"https:\/\/well-grounded.org\/fr\/experiences-reussites-et-defis-dans-la-securisation-des-terres-coutumierement-gerees-par-les-peuples-autochtones-du-bassin-du-congo\/#primaryimage","url":"https:\/\/i0.wp.com\/well-grounded.org\/wp-content\/uploads\/2023\/09\/Well-Grounded-dance-group-with-Timothe-.jpg?fit=853%2C677&ssl=1","contentUrl":"https:\/\/i0.wp.com\/well-grounded.org\/wp-content\/uploads\/2023\/09\/Well-Grounded-dance-group-with-Timothe-.jpg?fit=853%2C677&ssl=1","width":853,"height":677},{"@type":"BreadcrumbList","@id":"https:\/\/well-grounded.org\/fr\/experiences-reussites-et-defis-dans-la-securisation-des-terres-coutumierement-gerees-par-les-peuples-autochtones-du-bassin-du-congo\/#breadcrumb","itemListElement":[{"@type":"ListItem","position":1,"name":"Home","item":"https:\/\/well-grounded.org\/fr\/"},{"@type":"ListItem","position":2,"name":"Exp\u00e9riences, r\u00e9ussites et d\u00e9fis dans la s\u00e9curisation des terres coutumi\u00e8rement g\u00e9r\u00e9es par les Peuples Autochtones du Bassin du Congo"}]},{"@type":"WebSite","@id":"https:\/\/well-grounded.org\/fr\/#website","url":"https:\/\/well-grounded.org\/fr\/","name":"Well Grounded","description":"Empowering Civil Society","publisher":{"@id":"https:\/\/well-grounded.org\/fr\/#organization"},"potentialAction":[{"@type":"SearchAction","target":{"@type":"EntryPoint","urlTemplate":"https:\/\/well-grounded.org\/fr\/?s={search_term_string}"},"query-input":{"@type":"PropertyValueSpecification","valueRequired":true,"valueName":"search_term_string"}}],"inLanguage":"fr-FR"},{"@type":"Organization","@id":"https:\/\/well-grounded.org\/fr\/#organization","name":"Well Grounded","url":"https:\/\/well-grounded.org\/fr\/","logo":{"@type":"ImageObject","inLanguage":"fr-FR","@id":"https:\/\/well-grounded.org\/fr\/#\/schema\/logo\/image\/","url":"https:\/\/well-grounded.org\/wp-content\/uploads\/2022\/07\/Well-Grounded-Logo-with-tagline-no-Map.jpg","contentUrl":"https:\/\/well-grounded.org\/wp-content\/uploads\/2022\/07\/Well-Grounded-Logo-with-tagline-no-Map.jpg","width":1195,"height":809,"caption":"Well Grounded"},"image":{"@id":"https:\/\/well-grounded.org\/fr\/#\/schema\/logo\/image\/"}},{"@type":"Person","@id":"https:\/\/well-grounded.org\/fr\/#\/schema\/person\/7e6004f3ee17e0f74c3586d3b9355c2e","name":"Well Grounded","image":{"@type":"ImageObject","inLanguage":"fr-FR","@id":"https:\/\/secure.gravatar.com\/avatar\/e1b500dd98da65d1ef137abdd5a37ecc4b04f5d312dee48f90677828d947b973?s=96&d=mm&r=g","url":"https:\/\/secure.gravatar.com\/avatar\/e1b500dd98da65d1ef137abdd5a37ecc4b04f5d312dee48f90677828d947b973?s=96&d=mm&r=g","contentUrl":"https:\/\/secure.gravatar.com\/avatar\/e1b500dd98da65d1ef137abdd5a37ecc4b04f5d312dee48f90677828d947b973?s=96&d=mm&r=g","caption":"Well Grounded"},"sameAs":["http:\/\/well-grounded.org"],"url":"https:\/\/well-grounded.org\/fr\/author\/well-grounded\/"}]}},"jetpack_featured_media_url":"https:\/\/i0.wp.com\/well-grounded.org\/wp-content\/uploads\/2023\/09\/Well-Grounded-dance-group-with-Timothe-.jpg?fit=853%2C677&ssl=1","jetpack_sharing_enabled":true,"_links":{"self":[{"href":"https:\/\/well-grounded.org\/fr\/wp-json\/wp\/v2\/posts\/11025","targetHints":{"allow":["GET"]}}],"collection":[{"href":"https:\/\/well-grounded.org\/fr\/wp-json\/wp\/v2\/posts"}],"about":[{"href":"https:\/\/well-grounded.org\/fr\/wp-json\/wp\/v2\/types\/post"}],"author":[{"embeddable":true,"href":"https:\/\/well-grounded.org\/fr\/wp-json\/wp\/v2\/users\/4"}],"replies":[{"embeddable":true,"href":"https:\/\/well-grounded.org\/fr\/wp-json\/wp\/v2\/comments?post=11025"}],"version-history":[{"count":0,"href":"https:\/\/well-grounded.org\/fr\/wp-json\/wp\/v2\/posts\/11025\/revisions"}],"wp:featuredmedia":[{"embeddable":true,"href":"https:\/\/well-grounded.org\/fr\/wp-json\/wp\/v2\/media\/11041"}],"wp:attachment":[{"href":"https:\/\/well-grounded.org\/fr\/wp-json\/wp\/v2\/media?parent=11025"}],"wp:term":[{"taxonomy":"category","embeddable":true,"href":"https:\/\/well-grounded.org\/fr\/wp-json\/wp\/v2\/categories?post=11025"},{"taxonomy":"post_tag","embeddable":true,"href":"https:\/\/well-grounded.org\/fr\/wp-json\/wp\/v2\/tags?post=11025"}],"curies":[{"name":"wp","href":"https:\/\/api.w.org\/{rel}","templated":true}]}}